{"id":7090,"date":"2023-04-20T12:00:00","date_gmt":"2023-04-20T12:00:00","guid":{"rendered":"https:\/\/www.youronlinefrenchteacher.com\/?p=7090"},"modified":"2023-04-20T09:07:46","modified_gmt":"2023-04-20T09:07:46","slug":"examen-delf-b1-les-phrases-francaises-indispensables-partie-1","status":"publish","type":"post","link":"https:\/\/www.youronlinefrenchteacher.com\/fr\/examen-delf-b1-les-phrases-francaises-indispensables-partie-1\/","title":{"rendered":"Examen DELF B1 : les phrases fran\u00e7aises indispensables &#8211; Partie 1"},"content":{"rendered":"\n<p>L&rsquo;article de blog pr\u00e9c\u00e9dent a abord\u00e9 <a href=\"https:\/\/www.youronlinefrenchteacher.com\/fr\/details-du-syllabus-delf-b1\/\" target=\"_blank\" rel=\"noreferrer noopener\">le programme de l&rsquo;examen DELF B1<\/a>. J&rsquo;aimerais maintenant vous pr\u00e9senter des phrases indispensables qui vous aideront dans votre pr\u00e9paration \u00e0 l&rsquo;examen du DELF B1. Elles suivent les th\u00e8mes du syllabus DELF B1 pr\u00e9sent\u00e9s dans l&rsquo;article pr\u00e9c\u00e9dent. Suivez les exemples et faites vos propres phrases !<\/p>\n\n\n\n<h2 class=\"wp-block-heading\">FONCTIONS<\/h2>\n\n\n\n<h3 class=\"wp-block-heading\">Interactions sociales<\/h3>\n\n\n\n<h5 class=\"wp-block-heading\"><strong>Demander et donner des informations sur des habitudes quotidiennes, un emploi du temps<\/strong><\/h5>\n\n\n\n<p>&#8211; Tu vas combien de fois par semaine \u00e0 la salle de gym ?<\/p>\n\n\n\n<p>&#8211; D\u00e8s que je me l\u00e8ve, je regarde mes messages avant de prendre mon petit d\u00e9jeuner.<\/p>\n\n\n\n<p>&#8211; Quand il peut, il va \u00e0 la salle de sport<\/p>\n\n\n\n<p>&#8211; Pour aller au boulot, je prends le m\u00e9tro mais j\u2019essaie d\u2019\u00e9viter les heures de pointe.<\/p>\n\n\n\n<p>&#8211; Comme d\u2019habitude, il prendra le bus \u00e0 20h10 et rentrera chez lui \u00e0 20h30.<\/p>\n\n\n\n<h5 class=\"wp-block-heading\"><strong>&nbsp;Demander, donner des nouvelles de quelqu\u2019un<\/strong><\/h5>\n\n\n\n<p>&#8211; Vous vous sentez mieux ? Votre mal de t\u00eate a disparu ?<\/p>\n\n\n\n<p>&#8211; La forme ?<\/p>\n\n\n\n<p>&#8211; Il va mieux, il est en pleine forme maintenant !<\/p>\n\n\n\n<p>&#8211; Alors, quoi de neuf ?<\/p>\n\n\n\n<h5 class=\"wp-block-heading\"><strong>Parler de ses go\u00fbts<\/strong><\/h5>\n\n\n\n<p>&#8211; Je m\u2019int\u00e9resse au basket depuis mon adolescence. C\u2019est gr\u00e2ce \u00e0 Tony Parker que j\u2019ai d\u00e9cid\u00e9 de m\u2019inscrire au club de ma ville.<\/p>\n\n\n\n<p>&#8211; Bof, \u00e7a m\u2019est \u00e9gal les maths ou la biologie, les mati\u00e8res scientifiques, \u00e7a ne m\u2019a jamais int\u00e9ress\u00e9 ! Je n\u2019ai jamais \u00e9t\u00e9 tr\u00e8s fort.<\/p>\n\n\n\n<p>&#8211; J\u2019adore les romans historiques. Depuis que j\u2019ai lu \u00ab N\u00e9fertiti, l\u2019ombre du soleil \u00bb de Christian Jacq, c\u2019est devenu une passion. Les livres qui parlent d\u2019histoire me font vraiment r\u00eaver.<\/p>\n\n\n\n<h5 class=\"wp-block-heading\"><strong>Parler de ses projets<\/strong><\/h5>\n\n\n\n<p>&#8211; La semaine prochaine, je ferai mes derniers pr\u00e9paratifs pour partir en vacances.<\/p>\n\n\n\n<p>&#8211; Il a d\u00e9cid\u00e9 de changer de travail, il n\u2019est pas tr\u00e8s \u00e0 l\u2019aise avec son nouveau patron et, en plus, il voudrait gagner davantage.<\/p>\n\n\n\n<p>&#8211; Pour les prochaines vacances, il a d\u00e9cid\u00e9 de partir en Tha\u00eflande. Il avait envie d\u2019y aller depuis tr\u00e8s longtemps.<\/p>\n\n\n\n<h5 class=\"wp-block-heading\"><strong>Demander ou proposer de l\u2019aide<\/strong><\/h5>\n\n\n\n<p>&#8211; Est-ce que tu pourrais m\u2019aider \u00e0 d\u00e9m\u00e9nager, ce week-end ?<\/p>\n\n\n\n<p>&#8211; Si tu as besoin de moi, tu n\u2019as qu\u2019\u00e0 m\u2019appeler !<\/p>\n\n\n\n<p>&#8211; J\u2019ai besoin de ton aide samedi prochain, tu es disponible ?<\/p>\n\n\n\n<p>&#8211; Je suis \u00e0 votre enti\u00e8re disposition si vous avez besoin de moi.<\/p>\n\n\n\n<p>&#8211; Tu peux toujours compter sur moi, m\u00eame en pleine nuit.<\/p>\n\n\n\n<h5 class=\"wp-block-heading\"><strong>Interagir au t\u00e9l\u00e9phone<\/strong><\/h5>\n\n\n\n<p>&#8211; All\u00f4, qui est \u00e0 l\u2019appareil ?<\/p>\n\n\n\n<p>&#8211; C\u2019est de la part de Monsieur Andr\u00e9. Pouvez-vous l\u2019avertir ?<\/p>\n\n\n\n<p>&#8211; Attendez, ne raccrochez pas, je vous passe Madame Martin!<\/p>\n\n\n\n<p>&#8211; Je suis bien au 04 67 83 17 17 ?<\/p>\n\n\n\n<h5 class=\"wp-block-heading\"><strong>Faire des suggestions et r\u00e9agir \u00e0 des propositions (acquiescer, accepter, refuser, s\u2019excuser)<\/strong><\/h5>\n\n\n\n<p>&#8211; Je vous conseille d\u2019acheter le billet d\u2019avion aujourd\u2019hui m\u00eame<\/p>\n\n\n\n<p>&#8211; Et si on faisait un voyage au P\u00e9rou ? Ce serait g\u00e9nial, non ?<\/p>\n\n\n\n<p>&#8211; \u00c7a te plairait d\u2019aller dans un bar ce week-end ?<\/p>\n\n\n\n<p>&#8211; Pourquoi pas !<\/p>\n\n\n\n<p>&#8211; \u00c7a te dirait d\u2019aller voir un film ?<\/p>\n\n\n\n<p>&#8211; Oh, bof, \u00e7a ne me dit pas grand-chose.<\/p>\n\n\n\n<h5 class=\"wp-block-heading\"><strong>Donner une raison, expliquer ses choix<\/strong><\/h5>\n\n\n\n<p>&#8211; Puisque tu ne veux pas que je parte, je ne partirai pas.<\/p>\n\n\n\n<p>&#8211; Hier, je ne suis pas sorti, parce qu\u2019il faisait trop froid.<\/p>\n\n\n\n<p>&#8211; C\u2019est pour revoir ma famille que je suis reparti au Canada.<\/p>\n\n\n\n<p>&#8211; J\u2019ai toujours pr\u00e9f\u00e9r\u00e9 voyager en avion parce que c\u2019est plus rapide et moins dangereux.<\/p>\n\n\n\n<h5 class=\"wp-block-heading\"><strong>Exprimer des r\u00e9serves, son opposition<\/strong><\/h5>\n\n\n\n<p>-M\u00eame si tu m\u2019as t\u00e9l\u00e9phon\u00e9 plusieurs fois, tu ne m\u2019as pas convaincu<\/p>\n\n\n\n<p>-Malgr\u00e9 la qualit\u00e9 de tes arguments, j\u2019ai des doutes ! Je crois que tu as tort !<\/p>\n\n\n\n<p>&#8211; C\u2019est une honte ! Je suis totalement contre !<\/p>\n\n\n\n<p>&#8211; Je ne suis pas convaincue, je vais y r\u00e9fl\u00e9chir.<\/p>\n\n\n\n<p>&#8211; D\u00e9sol\u00e9, je regrette, mais je ne le ferai pas aujourd\u2019hui ! Une autre fois, peut-\u00eatre.<\/p>\n\n\n\n<h5 class=\"wp-block-heading\"><strong>Parler de ce qui a plu ou d\u00e9plu<\/strong><\/h5>\n\n\n\n<p>&#8211; Cette exposition lui a beaucoup plu.<\/p>\n\n\n\n<p>&#8211; Dis ! C\u2019est passionnant ton projet ! J\u2019adore ce que tu as fait !<\/p>\n\n\n\n<p>&#8211; Voyager en bateau, \u00e7a a \u00e9t\u00e9 une horreur, j\u2019ai eu le mal de mer durant tout le trajet.<\/p>\n\n\n\n<p>&#8211; Le film ne m\u2019a pas plu, je n\u2019ai pas du tout aim\u00e9 l\u2019interpr\u00e9tation des acteurs.<\/p>\n\n\n\n<h5 class=\"wp-block-heading\"><strong>Exprimer son int\u00e9r\u00eat, son indiff\u00e9rence<\/strong><\/h5>\n\n\n\n<p>&#8211; \u00c7a m\u2019int\u00e9resse \u00e9norm\u00e9ment !<\/p>\n\n\n\n<p>&#8211; Le dernier livre que j\u2019ai lu m\u2019a passionn\u00e9 !<\/p>\n\n\n\n<p>&#8211; Il a divorc\u00e9 ? Ah bon ! Je ne savais pas. De toute fa\u00e7on, ce ne sont pas mes affaires !!<\/p>\n\n\n\n<h5 class=\"wp-block-heading\"><strong>Organiser quelque chose, en discutant de ce qu\u2019il faut<\/strong><\/h5>\n\n\n\n<p>&#8211; En ce qui concerne les pr\u00e9paratifs de la soir\u00e9e de samedi, prends des g\u00e2teaux chez le p\u00e2tissier du coin et quelques trucs \u00e0 grignoter au supermarch\u00e9. Je m\u2019occupe du reste.<\/p>\n\n\n\n<p>&#8211; Pour faire le g\u00e2teau cet apr\u00e8s-midi, je voudrais que tu ailles \u00e0 la petite \u00e9picerie du quartier, j\u2019ai besoin de sucre.<\/p>\n\n\n\n<p>&#8211; D\u2019abord, il faut que tu ach\u00e8tes les boissons et apr\u00e8s, que tu reviennes ici pour les mettre au r\u00e9frig\u00e9rateur !<\/p>\n\n\n\n<h5 class=\"wp-block-heading\"><strong>Demander et donner des conseils<\/strong><\/h5>\n\n\n\n<p>&#8211; Pourquoi tu n\u2019ach\u00e8tes pas une voiture plus \u00e9conomique ?<\/p>\n\n\n\n<p>&#8211; Alors, qu\u2019est-ce que je devrais faire ?<\/p>\n\n\n\n<p>&#8211; Tu ferais mieux de faire un peu plus de sport !<\/p>\n\n\n\n<p>&#8211; \u00c0 ta place, moi, je partirais imm\u00e9diatement !<\/p>\n\n\n\n<p>&#8211; Vous devriez travailler moins et vous reposer un peu plus ! Un conseil : votre sant\u00e9 d\u2019abord!<\/p>\n\n\n\n<h5 class=\"wp-block-heading\"><strong>Exprimer une volont\u00e9 et proposer ses services<\/strong><\/h5>\n\n\n\n<p>&#8211; Je ferais bien une randonn\u00e9e le week-end prochain.<\/p>\n\n\n\n<p>&#8211; Elle voudrait bien que sa s\u0153ur revienne pour les vacances d\u2019\u00e9t\u00e9, sinon, c\u2019est d\u00e9cid\u00e9, elle ira la voir.<\/p>\n\n\n\n<p>&#8211; Ils ont l\u2019intention de d\u00e9m\u00e9nager le mois prochain.<\/p>\n\n\n\n<p>&#8211; Est-ce que je peux vous aider \u00e0 faire ce travail ?<\/p>\n\n\n\n<p>&#8211; Est-ce que tu peux me rendre un service ? \u2013 Oui, je peux te donner un coup de main.<\/p>\n\n\n\n<h5 class=\"wp-block-heading\"><strong>Avertir, mettre en garde<\/strong><\/h5>\n\n\n\n<p>&#8211; Soyez attentif en traversant la route.<\/p>\n\n\n\n<p>&#8211; Fais attention en traversant.<\/p>\n\n\n\n<p>&#8211; Prends garde \u00e0 toi, elle a des chiens tr\u00e8s agressifs.<\/p>\n\n\n\n<h5 class=\"wp-block-heading\"><strong>Parler de son exp\u00e9rience professionnelle, son environnement de travail<\/strong><\/h5>\n\n\n\n<p>-Mon travail, c\u2019est de cr\u00e9er des logiciels, je travaille pour la m\u00eame soci\u00e9t\u00e9 depuis 6 ans.<\/p>\n\n\n\n<p>Gr\u00e2ce \u00e0 mon exp\u00e9rience professionnelle, j\u2019ai obtenu un bon poste.<\/p>\n\n\n\n<p>&#8211; Au bureau, mes coll\u00e8gues sont tr\u00e8s coop\u00e9ratifs, on forme une bonne \u00e9quipe de travail. On n\u2019a pas trop d\u2019exp\u00e9rience dans le monde du marketing mais on est tr\u00e8s motiv\u00e9s.<\/p>\n\n\n\n<p>&#8211; A l\u2019office du tourisme o\u00f9 je travaille, je suis le plus jeune et le seul \u00e0 parler 5 langues \u00e9trang\u00e8res.<\/p>\n\n\n\n<h5 class=\"wp-block-heading\"><strong>Exprimer et interagir \u00e0 propos de ses sentiments<\/strong><\/h5>\n\n\n\n<p>&#8211; Je me m\u00e9fie d\u2019eux. Je me sens mal \u00e0 l\u2019aise face \u00e0 eux.<\/p>\n\n\n\n<p><\/p>\n\n\n\n<p>&#8211; Je suis ravi de vous avoir rencontr\u00e9 ! C\u2019\u00e9tait un vrai plaisir\/\u00c7a a \u00e9t\u00e9 un vrai plaisir ! !<\/p>\n\n\n\n<p>&#8211; Il est d\u00e9moralis\u00e9, il n\u2019en peut plus au bureau !<\/p>\n\n\n\n<p>&#8211; Je me r\u00e9jouis de te revoir, demain.<\/p>\n\n\n\n<p>&#8211; J\u2019en ai marre de voyager en bus ! C\u2019est trop fatigant.<\/p>\n\n\n\n<h5 class=\"wp-block-heading\"><strong>Exprimer des souhaits, des espoirs<\/strong><\/h5>\n\n\n\n<p>&#8211; J\u2019esp\u00e8re que tout va bien se d\u00e9rouler.<\/p>\n\n\n\n<p>&#8211; Ils souhaitent vraiment que vous veniez \u00e0 leur mariage.<\/p>\n\n\n\n<p>&#8211; J\u2019aimerais que vous veniez me voir r\u00e9guli\u00e8rement.<\/p>\n\n\n\n<p>&#8211; Eh bien oui, nous esp\u00e9rons que les enfants r\u00e9ussiront leur examen final.<\/p>\n\n\n\n<h5 class=\"wp-block-heading\"><strong>Exprimer des intentions, des ambitions<\/strong><\/h5>\n\n\n\n<p>&#8211; Je vais m\u2019inscrire \u00e0 la fac de droit. Les cours commencent d\u00e9but octobre.<\/p>\n\n\n\n<p>&#8211; Il envisage de s\u2019installer en France apr\u00e8s ses \u00e9tudes.<\/p>\n\n\n\n<p>&#8211; Je voudrais faire des \u00e9conomies pour partir \u00e0 New-York l\u2019\u00e9t\u00e9 prochain.<\/p>\n\n\n\n<figure class=\"wp-block-image aligncenter size-full is-resized\"><img loading=\"lazy\" decoding=\"async\" src=\"https:\/\/www.youronlinefrenchteacher.com\/wp-content\/uploads\/2023\/04\/img_classroom_student-1.jpg\" alt=\"\" class=\"wp-image-7134\" width=\"480\" height=\"360\" srcset=\"https:\/\/www.youronlinefrenchteacher.com\/wp-content\/uploads\/2023\/04\/img_classroom_student-1.jpg 640w, https:\/\/www.youronlinefrenchteacher.com\/wp-content\/uploads\/2023\/04\/img_classroom_student-1-600x450.jpg 600w, https:\/\/www.youronlinefrenchteacher.com\/wp-content\/uploads\/2023\/04\/img_classroom_student-1-300x225.jpg 300w\" sizes=\"auto, (max-width: 480px) 100vw, 480px\" \/><figcaption class=\"wp-element-caption\">Suivez ces exemples et faites vos propres phrases !<\/figcaption><\/figure>\n\n\n\n<h3 class=\"wp-block-heading\">Descriptions et r\u00e9cits<\/h3>\n\n\n\n<h5 class=\"wp-block-heading\"><strong>Raconter des \u00e9v\u00e9nements pass\u00e9s<\/strong><\/h5>\n\n\n\n<p>&#8211; Quand nous sommes all\u00e9s au Br\u00e9sil en 2010, nous sommes arriv\u00e9s en plein carnaval. \u00c7a a \u00e9t\u00e9 une exp\u00e9rience extraordinaire, il y avait des danseurs et de la musique partout. Quand nous sommes revenus en France, on a pris des cours de samba.<\/p>\n\n\n\n<p>&#8211; L\u2019hiver dernier, comme nous avions quelques jours de vacances, nous sommes all\u00e9s skier au coeur des Alpes. Nous avions r\u00e9serv\u00e9 \u00e0 Chamonix. Nous avons pay\u00e9 un forfait pour une semaine et nous nous sommes inscrits \u00e0 des cours de perfectionnement. Le dernier jour, pendant que Philippe faisait du snowboard, j\u2019ai fait une belle et longue promenade en pleine montagne. Nous nous sommes vraiment amus\u00e9s.<\/p>\n\n\n\n<h5 class=\"wp-block-heading\"><strong>Raconter un souvenir, une anecdote, une suite de faits<\/strong><\/h5>\n\n\n\n<p>&#8211; Quand j\u2019avais douze ans, pour No\u00ebl, mes parents m\u2019ont achet\u00e9 un magnifique v\u00e9lo orange. J\u2019\u00e9tais super content. Le lendemain de No\u00ebl, j\u2019ai voulu le montrer \u00e0 mes amis. Apr\u00e8s avoir demand\u00e9 la permission \u00e0 mes parents, je suis sorti \u00e0 toute vitesse de chez moi. Malheureusement, au bout de la rue, j\u2019ai gliss\u00e9 et j\u2019ai cass\u00e9 mon v\u00e9lo.<\/p>\n\n\n\n<p>&#8211; Comme je devais absolument r\u00e9ussir mon DELF B1, je me suis fait un vrai programme : je suis all\u00e9 \u00e0 la biblioth\u00e8que pour chercher des informations, j\u2019ai utilis\u00e9 internet pour r\u00e9viser et j\u2019ai r\u00e9dig\u00e9 des fiches. Au final, tout s\u2019est bien pass\u00e9 puisque j\u2019ai r\u00e9ussi mon examen avec 85 points sur cent.&nbsp;<\/p>\n\n\n\n<h5 class=\"wp-block-heading\"><strong>Raconter des faits divers<\/strong><\/h5>\n\n\n\n<p>&#8211; Tout s\u2019est pass\u00e9 tr\u00e8s vite : il est entr\u00e9 dans la banque, il a sorti son revolver, il a pris l\u2019argent et il a disparu aussi vite qu\u2019il \u00e9tait entr\u00e9.<\/p>\n\n\n\n<p>&#8211; Quand les policiers sont arriv\u00e9s, la jeune fille \u00e9tait allong\u00e9e par terre, inconsciente, et sans son sac \u00e0 main.<\/p>\n\n\n\n<h5 class=\"wp-block-heading\"><strong>Raconter une exp\u00e9rience pass\u00e9e<\/strong><\/h5>\n\n\n\n<p>&#8211; Quand j\u2019\u00e9tais petit, je devais faire beaucoup de t\u00e2ches m\u00e9nag\u00e8res. Comme mes parents \u00e9taient toujours absents, je faisais souvent la vaisselle et m\u00eame les courses.&nbsp;<\/p>\n\n\n\n<p>&#8211; L\u2019ann\u00e9e derni\u00e8re, comme je ne pouvais pas continuer mes \u00e9tudes pr\u00e8s de chez moi, je suis partie vivre \u00e0 Lyon. J\u2019ai d\u00fb louer un appartement pr\u00e8s de l\u2019universit\u00e9 o\u00f9 je m\u2019\u00e9tais inscrite. Au d\u00e9but, \u00e7a a \u00e9t\u00e9 un peu difficile mais avec le temps, je me suis habitu\u00e9e \u00e0 vivre loin de chez moi.<\/p>\n\n\n\n<h5 class=\"wp-block-heading\"><strong>Raconter l\u2019intrigue d\u2019un livre ou d\u2019un film<\/strong><\/h5>\n\n\n\n<p>&#8211; \u00ab Ensemble, c\u2019est tout \u00bb est l\u2019histoire de deux personnes solitaires. Le roman parle de la solitude des gens de g\u00e9n\u00e9rations diff\u00e9rentes. Les personnages sont touchants.<\/p>\n\n\n\n<p>&#8211; \u00ab Intouchables \u00bb est un film merveilleux. Il s\u2019agit d\u2019une histoire entre deux hommes totalement diff\u00e9rents. Philippe est un riche aristocrate t\u00e9trapl\u00e9gique et Driss est un jeune de banlieue tout juste sorti de prison. Ensemble, ils vivront des situations tristes, folles et en m\u00eame temps tr\u00e8s dr\u00f4les. Une amiti\u00e9 tr\u00e8s sp\u00e9ciale va na\u00eetre entre ces deux personnages.<\/p>\n\n\n\n<h5 class=\"wp-block-heading\"><strong>D\u00e9crire une situation hypoth\u00e9tique<\/strong><\/h5>\n\n\n\n<p>&#8211; Si tu pouvais le faire \u00e0 ma place, \u00e7a serait g\u00e9nial !<\/p>\n\n\n\n<p>&#8211; Si je ne lui donnais pas de mes nouvelles, elle le prendrait mal.<\/p>\n\n\n\n<p>&#8211; Si vous ne savez pas quoi faire, passez me voir.<\/p>\n\n\n\n<h5 class=\"wp-block-heading\"><strong>S\u2019informer sur les lieux \/ D\u00e9crire et caract\u00e9riser des lieux<\/strong><\/h5>\n\n\n\n<p>&#8211; Pourrais-tu me donner quelques renseignements sur Prague, sur les lieux \u00e0 visiter, les plats typiques, etc. ? Je pars en vacances dans deux semaines.<\/p>\n\n\n\n<p>&#8211; Nous avons visit\u00e9 un monast\u00e8re qui se trouve \u00e0 15 minutes de Carcassonne, dans le Sud de la France. Il y avait beaucoup de vignes tout autour. C\u2019\u00e9tait magnifique.<\/p>\n\n\n\n<h5 class=\"wp-block-heading\"><strong>Pr\u00e9senter un pays, une ville et ses habitants.<\/strong><\/h5>\n\n\n\n<p>&#8211; La France est aussi appel\u00e9e l\u2019Hexagone.<\/p>\n\n\n\n<p>&#8211; Les habitants de cette ville sortent plus le soir que chez nous.<\/p>\n\n\n\n<p>&#8211; Je vais vous pr\u00e9senter un pays caract\u00e9ris\u00e9 par la diversit\u00e9 de ses paysages et connu pour son avanc\u00e9e technologique.&nbsp;<\/p>\n\n\n\n<h5 class=\"wp-block-heading\"><strong>S\u2019informer sur les personnes \/ D\u00e9crire et caract\u00e9riser des personnes<\/strong><\/h5>\n\n\n\n<p>&#8211; C\u2019est le grand couturier qui s\u2019est install\u00e9 pr\u00e8s de chez moi. On dirait qu\u2019il est timide mais ce n\u2019est pas le cas, tout au contraire, il est abordable et tr\u00e8s sympathique.<\/p>\n\n\n\n<p>&#8211; C\u2019est qui le monsieur avec la cravate rouge ? C\u2019est le nouveau responsable du magasin.<\/p>\n\n\n\n<h5 class=\"wp-block-heading\"><strong>D\u00e9crire les relations entre des personnes<\/strong><\/h5>\n\n\n\n<p>&#8211; Comme mon voisin ne supporte aucun bruit m\u00eame dans la journ\u00e9e, personne ne s\u2019entend avec lui.<\/p>\n\n\n\n<p>&#8211; J\u2019ai une relation tr\u00e8s cordiale avec elle et comme elle est tr\u00e8s g\u00e9n\u00e9reuse et a un bon caract\u00e8re, elle est appr\u00e9ci\u00e9e de tous.<\/p>\n\n\n\n<h5 class=\"wp-block-heading\"><strong>Faire une biographie, le portrait d\u2019une personne<\/strong><\/h5>\n\n\n\n<p>&#8211; Ma meilleure amie est une personne tr\u00e8s dr\u00f4le qui porte toujours des v\u00eatements \u00e0 la mode et excentriques et qui aime tester tous les nouveaux restaurants.<\/p>\n\n\n\n<p>&#8211; Nelson Mandela est n\u00e9 en juillet 1918 dans le village de Mvezo. Il s\u2019est engag\u00e9 assez t\u00f4t en politique en assistant aux r\u00e9unions de Walter Sisulu. D\u00e9fendant les droits des Noirs face \u00e0 l\u2019Apartheid, il est arr\u00eat\u00e9 et mis en prison en 1962. Apr\u00e8s \u00eatre sorti de prison en 1990 et avoir re\u00e7u le prix Nobel en 1993, il est \u00e9lu pr\u00e9sident de la R\u00e9publique d\u2019Afrique du Sud en 1994.<\/p>\n\n\n\n<h5 class=\"wp-block-heading\"><strong>Rapporter les propos, les paroles de quelqu\u2019un<\/strong><\/h5>\n\n\n\n<p>-Michel m\u2019a dit qu\u2019il arriverait en retard.<\/p>\n\n\n\n<p>&#8211; Elle dit qu\u2019elle a beaucoup aim\u00e9 la pi\u00e8ce de th\u00e9\u00e2tre.<\/p>\n\n\n\n<h5 class=\"wp-block-heading\"><strong>S\u2019informer sur les choses \/ D\u00e9crire et caract\u00e9riser des choses<\/strong><\/h5>\n\n\n\n<p>&#8211; C\u2019est le meuble ancien qu\u2019il a achet\u00e9 chez le brocanteur ?<\/p>\n\n\n\n<p>&#8211; C\u2019est une tente de camping pour deux personnes. Elle est en nylon. Elle est tr\u00e8s facile \u00e0 monter. De plus, elle est imperm\u00e9able et r\u00e9sistante. Elle ne p\u00e8se que 2 kilos et ne co\u00fbte que 55 euros.<\/p>\n\n\n\n<p>&#8211; Le logiciel que Philippe a achet\u00e9 est tr\u00e8s performant pour g\u00e9rer la comptabilit\u00e9 d\u2019une PME. Tout le monde, m\u00eame avec peu de notions informatiques, peut l\u2019utiliser sans difficult\u00e9s.<\/p>\n\n\n\n<h5 class=\"wp-block-heading\"><strong>Comparer les choses, les personnes, les m\u00e9dias etc.<\/strong><\/h5>\n\n\n\n<p>&#8211; Mon ordinateur personnel a toujours \u00e9t\u00e9 plus performant que celui de mon travail.<\/p>\n\n\n\n<p>&#8211; Tel p\u00e8re, tel fils, ils ont le m\u00eame caract\u00e8re !<\/p>\n\n\n\n<p>&#8211; Le Monde a plus d\u2019articles int\u00e9ressants que le quotidien que tu lis habituellement.<\/p>\n\n\n\n<h5 class=\"wp-block-heading\"><strong>Faire une pr\u00e9sentation d\u2019un th\u00e8me, d\u2019un projet<\/strong><\/h5>\n\n\n\n<p>-Nous allons maintenant parler d\u2019un probl\u00e8me qui nous concerne tous.<\/p>\n\n\n\n<p>&#8211; Voil\u00e0 ce que nous allons faire ce week-end : d\u2019abord, nous irons voir Serge \u00e0 Lyon, par la suite, ensuite, nous visiterons Lausanne.<\/p>\n\n\n\n<h5 class=\"wp-block-heading\"><strong>D\u00e9crire un fait de soci\u00e9t\u00e9 \/ un ph\u00e9nom\u00e8ne \/ une activit\u00e9 (artistique)<\/strong><\/h5>\n\n\n\n<p>&#8211; L\u2019augmentation du nombre de personnes au ch\u00f4mage est constante ces derni\u00e8res ann\u00e9es.<\/p>\n\n\n\n<p>&#8211; Les personnes tatou\u00e9es sont de plus en plus nombreuses dans ce pays.<\/p>\n\n\n\n<p>&#8211; Le Rap est une musique qui permet \u00e0 de nombreux jeunes de s\u2019exprimer.<\/p>\n\n\n\n<h3 class=\"wp-block-heading\">\u00c9changes d\u2019information<\/h3>\n\n\n\n<h5 class=\"wp-block-heading\"><strong>Demander des renseignements, des informations<\/strong><\/h5>\n\n\n\n<p>&#8211; T\u2019as quelque chose de pr\u00e9vu pour les vacances ?<\/p>\n\n\n\n<p>&#8211; Pardon, pourriez-vous m\u2019indiquer o\u00f9 se trouve le d\u00e9partement marketing ?<\/p>\n\n\n\n<p>&#8211; Est-ce que \u00e7a vaut la peine de visiter ce mus\u00e9e ?<\/p>\n\n\n\n<p>&#8211; Quel est le dernier d\u00e9lai pour r\u00e9gler la facture ?<\/p>\n\n\n\n<h5 class=\"wp-block-heading\"><strong>Fournir des renseignements, des informations<\/strong><\/h5>\n\n\n\n<p>&#8211; Hier, j\u2019ai appris que David allait bient\u00f4t se marier.<\/p>\n\n\n\n<p>&#8211; On vient d\u2019annoncer la date des prochaines \u00e9lections pr\u00e9sidentielles.<\/p>\n\n\n\n<p>&#8211; La station de m\u00e9tro dont vous me parlez est en r\u00e9novation.<\/p>\n\n\n\n<h5 class=\"wp-block-heading\"><strong>Expliquer le mode d\u2019emploi d\u2019un appareil<\/strong><\/h5>\n\n\n\n<p>&#8211; Par pr\u00e9caution, il faut que tu \u00e9teignes ton portable avant d\u2019enlever la batterie.<\/p>\n\n\n\n<p>&#8211; Tu appuies d\u2019abord sur le bouton de droite de la cafeti\u00e8re et tu attends que la lumi\u00e8re rouge passe au vert avant de servir le caf\u00e9.<\/p>\n\n\n\n<h5 class=\"wp-block-heading\"><strong>Demander \/ donner une explication, des pr\u00e9cisions<\/strong><\/h5>\n\n\n\n<p>&#8211; Quelle est la quantit\u00e9 exacte de chaque ingr\u00e9dient pour bien faire le g\u00e2teau dont tu m\u2019as parl\u00e9 ?<\/p>\n\n\n\n<p>&#8211; Afin d\u2019\u00eatre plus clair, j\u2019ai pr\u00e9par\u00e9 un Powerpoint et des photocopies pour que tout le monde suive.<\/p>\n\n\n\n<p>&#8211; Il n\u2019est pas venu parce qu\u2019il avait trop de travail \u00e0 finir.<\/p>\n\n\n\n<h5 class=\"wp-block-heading\"><strong>R\u00e9aliser une interview \/ Passer un entretien<\/strong><\/h5>\n\n\n\n<p>&#8211; Monsieur le Pr\u00e9sident, quelles seraient d\u2019apr\u00e8s vous les priorit\u00e9s en mati\u00e8re d\u2019\u00e9nergies renouvelables ?<\/p>\n\n\n\n<p>&#8211; Pourquoi \u00eates-vous int\u00e9ress\u00e9 par ce travail ?<\/p>\n\n\n\n<p>&#8211; Parce que le poste est en relation avec mon exp\u00e9rience professionnelle. J\u2019ai travaill\u00e9 6 ans \u00ab Ikea \u00bb et 4 ans \u00e0 \u00ab Maisons du Monde \u00bb.<\/p>\n\n\n\n<h5 class=\"wp-block-heading\"><strong>Reformuler pour expliquer ou g\u00e9n\u00e9raliser<\/strong><\/h5>\n\n\n\n<p>&#8211; \u00ab Il a le cafard \u00bb, \u00e7a veut dire qu\u2019il est d\u00e9prim\u00e9 et qu\u2019il voit tout en noir.<\/p>\n\n\n\n<p>&#8211; Si j\u2019ai bien compris vos messages, tout le monde est d\u2019accord. Tout va bien.<\/p>\n\n\n\n<h5 class=\"wp-block-heading\"><strong>Exprimer une supposition<\/strong><\/h5>\n\n\n\n<p>&#8211; Je suppose qu\u2019il pourra faire la randonn\u00e9e avec nous. Hier, il n\u2019avait plus de fi\u00e8vre, et sa toux avait quasiment disparu.<\/p>\n\n\n\n<p>&#8211; Comme il ne m\u2019a pas rappel\u00e9, j\u2019imagine qu\u2019il est f\u00e2ch\u00e9.<\/p>\n\n\n\n<h5 class=\"wp-block-heading\"><strong>Synth\u00e9tiser un bref r\u00e9cit, un article, un expos\u00e9, une interview, un documentaire et donner son opinion.<\/strong><\/h5>\n\n\n\n<p>&#8211; C\u2019est un article qui expose la situation dramatique dont souffrent chaque jour des milliers de civils et que j\u2019ai trouv\u00e9 choquant \u00e0 cause de la violence des faits qu\u2019il d\u00e9crit.&nbsp;<\/p>\n\n\n\n<p>&#8211; L\u2019expos\u00e9 de mon camarade a trait\u00e9 d\u2019un probl\u00e8me qui nous concerne tous : le r\u00e9chauffement climatique et ses cons\u00e9quences. A mon avis, il l\u2019a pr\u00e9sent\u00e9 simplement et d\u2019une fa\u00e7on tr\u00e8s claire.<\/p>\n\n\n\n<h3 class=\"wp-block-heading\">Opinions et arguments<\/h3>\n\n\n\n<h5 class=\"wp-block-heading\"><strong>Exprimer l&rsquo;accord et le d\u00e9saccord<\/strong><\/h5>\n\n\n\n<p>&#8211; En ce qui me concerne, je suis tout \u00e0 fait d\u2019accord avec ce qu\u2019il vient de dire.<\/p>\n\n\n\n<p>&#8211; Effectivement, on est de ton avis ! Si on ne fait rien, la situation va s\u2019aggraver.<\/p>\n\n\n\n<p>&#8211; Tu te trompes compl\u00e8tement, les produits bio ne sont pas forc\u00e9ment plus chers, bien au contraire\u2026<\/p>\n\n\n\n<h5 class=\"wp-block-heading\"><strong>Exprimer un point de vue, une opinion (en le\/la justifiant et en le\/ la d\u00e9fendant)<\/strong><\/h5>\n\n\n\n<p>&#8211; Il me semble que la situation est tendue entre vous, parce que vous ne parlez jamais de vos probl\u00e8mes personnels.<\/p>\n\n\n\n<p>&#8211; Personnellement, je pense que parler plusieurs langues est aussi important que d\u2019avoir un dipl\u00f4me universitaire. Cela permet la mobilit\u00e9 et la communication internationale.<\/p>\n\n\n\n<h5 class=\"wp-block-heading\"><strong>Exprimer la cause et la cons\u00e9quence<\/strong><\/h5>\n\n\n\n<p>&#8211; Comme il a \u00e9t\u00e9 malade la semaine derni\u00e8re, il a manqu\u00e9 beaucoup de cours et ne sera pas pr\u00eat pour l\u2019examen.<\/p>\n\n\n\n<p>&#8211; A cause de ses probl\u00e8mes financiers, je ne suis pas s\u00fbr qu\u2019il puisse faire le voyage dont il r\u00eave depuis si longtemps.<\/p>\n\n\n\n<h5 class=\"wp-block-heading\"><strong>Poser un probl\u00e8me et proposer des solutions<\/strong><\/h5>\n\n\n\n<p>&#8211; Il y a de plus en plus de bouchons au d\u00e9part des vacances scolaires. Il faudrait mieux r\u00e9partir les dates des cong\u00e9s entre les r\u00e9gions.<\/p>\n\n\n\n<p>&#8211; Il n\u2019y a plus de responsable pour organiser les voyages scolaires, on pourrait proposer cette t\u00e2che \u00e0 Benjamin, je suis s\u00fbr qu\u2019il acceptera.<\/p>\n\n\n\n<h5 class=\"wp-block-heading\"><strong>Formuler des hypoth\u00e8ses<\/strong><\/h5>\n\n\n\n<p>&#8211; Si nous avions plus d\u2019argent, nous pourrions partir plus longtemps et plus loin en vacances.<\/p>\n\n\n\n<p>&#8211; Je demanderais un autographe \u00e0 mon acteur pr\u00e9f\u00e9r\u00e9 si je le rencontrais.<\/p>\n\n\n\n<h5 class=\"wp-block-heading\"><strong>Pr\u00e9senter les avantages et les inconv\u00e9nients d\u2019options diff\u00e9rentes<\/strong><\/h5>\n\n\n\n<p>&#8211; Il est vrai qu\u2019avec de grandes fen\u00eatres, vous aurez plus de lumi\u00e8re mais vous aurez aussi plus chaud en \u00e9t\u00e9.<\/p>\n\n\n\n<p>&#8211; Si on r\u00e9nove le ch\u00e2teau m\u00e9di\u00e9val, cela rapportera des b\u00e9n\u00e9fices avec les visites mais le village perdra sa tranquillit\u00e9.<\/p>\n\n\n\n<h5 class=\"wp-block-heading\"><strong>D\u00e9velopper une id\u00e9e, un raisonnement simple<\/strong><\/h5>\n\n\n\n<p>&#8211; Les produits bio sont bons pour la sant\u00e9. On devrait donc en manger plus souvent&nbsp;<\/p>\n\n\n\n<p>&#8211; Il est innocent m\u00eame si tout l\u2019accuse. En effet, bien qu\u2019il mente de temps en temps, il est incapable de faire du mal \u00e0 quelqu\u2019un.<\/p>\n\n\n\n<h5 class=\"wp-block-heading\"><strong>D\u00e9velopper une argumentation logique et coh\u00e9rente<\/strong><\/h5>\n\n\n\n<p>-Manger local permet de d\u00e9velopper l\u2019\u00e9conomie de la r\u00e9gion et de cr\u00e9er des emplois.<\/p>\n\n\n\n<p>&#8211; L\u2019\u00e9nergie produite par le soleil devrait \u00eatre le principal but de toutes les recherches \u00e9nerg\u00e9tiques car celle-ci est in\u00e9puisable et pr\u00e9sente partout sur la plan\u00e8te.<\/p>\n\n\n\n<h5 class=\"wp-block-heading\"><strong>Argumenter une prise de position et la d\u00e9fendre<\/strong><\/h5>\n\n\n\n<p>&#8211; Les patrons peuvent toujours pr\u00e9tendre que l\u2019\u00e9galit\u00e9 de salaire existe dans leur entreprise mais les statistiques d\u00e9montrent le contraire. En effet, pour 80% des entreprises \u00e9valu\u00e9es, on constate que les hommes touchent en moyenne 15% de salaire en plus que les femmes pour le m\u00eame poste.<\/p>\n\n\n\n<p>&#8211; Je suis pour le partage des t\u00e2ches m\u00e9nag\u00e8res. Actuellement, les femmes comme les hommes m\u00e8nent une vie active. Donc, dans les couples, il devrait exister un partage des obligations domestiques. Malheureusement, ce n\u2019est pas le cas d\u2019apr\u00e8s les enqu\u00eates r\u00e9alis\u00e9es.<\/p>\n\n\n\n<h5 class=\"wp-block-heading\"><strong>Mettre en valeur des arguments<\/strong><\/h5>\n\n\n\n<p>&#8211; J\u2019insiste sur l\u2019aspect positif des \u00e9nergies renouvelables, ce sont elles qui permettront de changer notre futur.<\/p>\n\n\n\n<p>&#8211; Vous pouvez remarquer que ce sont vraiment nos efforts dans la recherche qui ont permis d\u2019am\u00e9liorer la qualit\u00e9 de nos produits.<\/p>\n\n\n\n<p>&#8211; C\u2019est l\u2019embauche de ces deux nouveaux ing\u00e9nieurs qui a facilit\u00e9 l\u2019am\u00e9lioration de notre production.<\/p>\n\n\n\n<h5 class=\"wp-block-heading\"><strong>\u00c9valuer et appr\u00e9cier (des films, des livres etc.)<\/strong><\/h5>\n\n\n\n<p>&#8211; Son dernier film ne m\u2019a vraiment pas plu : je l\u2019ai trouv\u00e9 beaucoup trop violent, m\u00eame si les acteurs jouent bien.<\/p>\n\n\n\n<p>&#8211; Il a ador\u00e9 le style de Stendhal dans \u00ab Le rouge et le noir \u00bb. D\u2019apr\u00e8s lui, les descriptions sont tr\u00e8s visuelles et permettent au lecteur de s\u2019identifier aux personnages.<\/p>\n\n\n\n<h2 class=\"wp-block-heading\">Biens et services<\/h2>\n\n\n\n<h5 class=\"wp-block-heading\"><strong>Confirmer \/ Demander une confirmation<\/strong><\/h5>\n\n\n\n<p>&#8211; Vous pouvez me confirmer que vous arriverez bien \u00e0 2Oh35 \u00e0 Orly ?<\/p>\n\n\n\n<p>&#8211; Alors, comme convenu, vous passez me prendre \u00e0 la gare ?<\/p>\n\n\n\n<p>&#8211; Comme je te l\u2019ai d\u00e9j\u00e0 dit, je t\u2019enverrai un courriel pour te confirmer l\u2019heure du rendez-vous.<\/p>\n\n\n\n<h5 class=\"wp-block-heading\"><strong>Exprimer clairement ses attentes<\/strong><\/h5>\n\n\n\n<p>&#8211; Elle te demande d\u2019aller chercher les enfants \u00e0 l\u2019\u00e9cole, \u00e0 16h30. N\u2019oublie pas de leur apporter un go\u00fbter.<\/p>\n\n\n\n<p>&#8211; Il aimerait bien que tu l\u2019aides \u00e0 organiser son voyage.<\/p>\n\n\n\n<p>&#8211; Je pr\u00e9f\u00e9rerais que tu viennes le plus t\u00f4t possible.<\/p>\n\n\n\n<h5 class=\"wp-block-heading\"><strong>Exprimer sa satisfaction ou son m\u00e9contentement ; se plaindre<\/strong><\/h5>\n\n\n\n<p>&#8211; C\u2019est g\u00e9nial ! Je suis ravi d\u2019apprendre que vous avez trouv\u00e9 du travail.<\/p>\n\n\n\n<p>&#8211; J\u2019en ai assez de voir tra\u00eener tes chaussettes partout. Range-les !<\/p>\n\n\n\n<p>&#8211; J\u2019ai vraiment trop de travail en ce moment, je n\u2019en peux plus.<\/p>\n\n\n\n<h2 class=\"wp-block-heading\">Autres notions<\/h2>\n\n\n\n<h5 class=\"wp-block-heading\"><strong>Exprimer une obligation<\/strong><\/h5>\n\n\n\n<p>&#8211; Il faut absolument r\u00e9pondre \u00e0 la lettre recommand\u00e9e que t\u2019a envoy\u00e9e Madame Blanchard.<\/p>\n\n\n\n<p>&#8211; Je dois lui pr\u00e9parer deux rapports pour son prochain voyage en Angleterre.<\/p>\n\n\n\n<p>&#8211; Il faudrait que tu connaisses personnellement ton locataire avant de signer le contrat de location.<\/p>\n\n\n\n<h5 class=\"wp-block-heading\"><strong>Exprimer son h\u00e9sitation<\/strong><\/h5>\n\n\n\n<p>&#8211; Eh bien, je voudrais parler avec toi mais j\u2019ai peur que tu te f\u00e2ches de nouveau.<\/p>\n\n\n\n<p>&#8211; Pour les vacances, j\u2019h\u00e9site entre la maison de mes parents ou un petit h\u00f4tel \u00e0 la montagne.<\/p>\n\n\n\n<p>&#8211; Je ne sais pas si je veux rester \u00e0 la maison ou partir avec vous au cin\u00e9ma. Je ne sais pas quoi faire.<\/p>\n\n\n\n<h5 class=\"wp-block-heading\"><strong>Exprimer des regrets<\/strong><\/h5>\n\n\n\n<p>&#8211; J\u2019aurais d\u00fb terminer mes \u00e9tudes\u2026 Aujourd\u2019hui, j\u2019aurais une meilleure situation financi\u00e8re.<\/p>\n\n\n\n<p>&#8211; J\u2019aurais mieux fait de rester chez moi, je n\u2019aurais pas eu cet accident.<\/p>\n\n\n\n<p>&#8211; Il regrette de ne pas t\u2019avoir envoy\u00e9 un petit mot pour t\u2019annoncer la bonne nouvelle.<\/p>\n\n\n\n<h5 class=\"wp-block-heading\"><strong>Exprimer la possibilit\u00e9 et la probabilit\u00e9<\/strong><\/h5>\n\n\n\n<p>&#8211; Il est possible qu\u2019il revienne demain.<\/p>\n\n\n\n<p>&#8211; Je pense qu\u2019il est tout \u00e0 fait probable qu\u2019il s\u2019installe au Japon.<\/p>\n\n\n\n<p>&#8211; Il me semble qu\u2019il a toutes les chances de r\u00e9ussir son entretien d\u2019embauche.<\/p>\n\n\n\n<h5 class=\"wp-block-heading\"><strong>Exprimer des certitudes \/ le doute<\/strong><\/h5>\n\n\n\n<p>&#8211; J\u2019ai l\u2019impression qu\u2019il est tr\u00e8s amoureux.<\/p>\n\n\n\n<p>-Margaux n\u2019est pas s\u00fbre que ses parents acceptent sa d\u00e9cision.<\/p>\n\n\n\n<p>&#8211; Je doute que cette information soit correcte. Je me demande si on t\u2019a dit la v\u00e9rit\u00e9.<\/p>\n\n\n\n<h2 class=\"wp-block-heading\">DISCOURS<\/h2>\n\n\n\n<h3 class=\"wp-block-heading\">Fonctions interactives<\/h3>\n\n\n\n<h5 class=\"wp-block-heading\"><strong>Engager et\/ou terminer une conversation<\/strong><\/h5>\n\n\n\n<p>&#8211; Pardon ? tu as une minute ?<\/p>\n\n\n\n<p>&#8211; Voil\u00e0, j\u2019ai quelque chose \u00e0 te dire.<\/p>\n\n\n\n<p>&#8211; Dis, Serge, je cherche Magalie, tu sais o\u00f9 elle est ?<\/p>\n\n\n\n<p>&#8211; Bon, excusez-moi, mais je dois vous laisser, j\u2019ai un rendez-vous dans 10 minutes.<\/p>\n\n\n\n<p>&#8211; Eh bien, je suis d\u00e9sol\u00e9, mais je dois m\u2019en aller.<\/p>\n\n\n\n<h5 class=\"wp-block-heading\"><strong>Indiquer qu\u2019on veut prendre la parole<\/strong><\/h5>\n\n\n\n<p>&#8211; Un instant, je voudrais vous communiquer quelque chose.<\/p>\n\n\n\n<p>&#8211; Attends, j\u2019ai quelque chose \u00e0 te dire.<\/p>\n\n\n\n<p>&#8211; Ecoutez, je dois ajouter un autre commentaire.<\/p>\n\n\n\n<p>&#8211; Est-ce que je peux ajouter quelque chose ?<\/p>\n\n\n\n<p>&#8211; Bon, alors, je voudrais ajouter quelques d\u00e9tails \u00e0 ce qui a \u00e9t\u00e9 dit.<\/p>\n\n\n\n<p>&#8211; Oui, mais, je voudrais dire autre chose.<\/p>\n\n\n\n<p>&#8211; Excusez-moi, je pourrais faire une petite remarque ?<\/p>\n\n\n\n<h5 class=\"wp-block-heading\"><strong>S\u2019assurer que l\u2019interlocuteur a bien compris<\/strong><\/h5>\n\n\n\n<p>&#8211; Vous avez des questions ? un doute ?<\/p>\n\n\n\n<p>&#8211; Tu vois \/ Tu comprends ce que je veux dire ?<\/p>\n\n\n\n<p>&#8211; \u00c7a va ? Tout est compr\u00e9hensible ?<\/p>\n\n\n\n<h5 class=\"wp-block-heading\"><strong>Lancer et terminer une discussion<\/strong><\/h5>\n\n\n\n<p>&#8211; Il faut qu\u2019on parle.<\/p>\n\n\n\n<p>&#8211; Alors, qu\u2019est-ce qu\u2019on prend comme d\u00e9cision ?<\/p>\n\n\n\n<p>&#8211; C\u2019est tout, je n\u2019ai plus rien \u00e0 dire.<\/p>\n\n\n\n<p>&#8211; Tr\u00e8s bien, on peut passer \u00e0 autre chose ?<\/p>\n\n\n\n<h5 class=\"wp-block-heading\"><strong>Faire avancer la discussion en invitant autrui \u00e0 s\u2019y joindre, \u00e0 dire ce qu\u2019il pense, etc.<\/strong><\/h5>\n\n\n\n<p>&#8211; Et toi, qu\u2019est-ce que tu en penses ?<\/p>\n\n\n\n<p>&#8211; Vous ne partagez pas notre opinion ?<\/p>\n\n\n\n<h5 class=\"wp-block-heading\"><strong>Prendre \/ Reprendre la parole ; aborder un nouveau sujet, introduire une id\u00e9e<\/strong><\/h5>\n\n\n\n<p>&#8211; Je pourrais peut-\u00eatre dire quelque chose \u00e0 ce sujet.<\/p>\n\n\n\n<p>&#8211; Je peux commencer, si vous voulez.<\/p>\n\n\n\n<p>&#8211; Laissez-moi ajouter quelque chose.<\/p>\n\n\n\n<p>&#8211; Est-ce qu\u2019on pourrait parler du projet maintenant ?<\/p>\n\n\n\n<p>&#8211; \u00c0 mon avis, il faudrait parler aussi bien des avantages que des inconv\u00e9nients.<\/p>\n\n\n\n<p>&#8211; On pourrait parler des inconv\u00e9nients aussi ?<\/p>\n\n\n\n<h5 class=\"wp-block-heading\"><strong>R\u00e9p\u00e9ter ce que quelqu\u2019un a dit (pour s\u2019assurer de la compr\u00e9hension)<\/strong><\/h5>\n\n\n\n<p>&#8211; Tu as bien dit \u00e0 17h ? C\u2019est bien \u00e7a ? Tu confirmes ?<\/p>\n\n\n\n<p>&#8211; Tu veux dire qu\u2019il ne faut pas compter sur lui, c\u2019est \u00e7a ?<\/p>\n\n\n\n<p>&#8211; On est d\u2019accord : tu as bien dit \u00ab devant le cin\u00e9ma \u00bb pour notre rendez-vous ?<\/p>\n\n\n\n<h3 class=\"wp-block-heading\">Structuration de la production<\/h3>\n\n\n\n<h5 class=\"wp-block-heading\"><strong>Introduire un th\u00e8me<\/strong><\/h5>\n\n\n\n<p>&#8211; Tu as vu la bande annonce du film qui est sorti hier ?<\/p>\n\n\n\n<p>&#8211; Et pour l\u2019anniversaire de Luc, qui s\u2019occupe du cadeau ?<\/p>\n\n\n\n<p>&#8211; A propos de Marc, est-ce qu\u2019il t\u2019a invit\u00e9 \u00e0 son mariage ?<\/p>\n\n\n\n<p>&#8211; Et si on parlait du ton nouveau travail ?<\/p>\n\n\n\n<h5 class=\"wp-block-heading\"><strong>Organiser son discours (l\u2019introduction, le d\u00e9veloppement, les exemples, la conclusion\u2026)<\/strong><\/h5>\n\n\n\n<p>&#8211; D\u2019abord, il faut savoir de quoi nous allons parler.<\/p>\n\n\n\n<p>&#8211; Premi\u00e8rement, on va s\u2019occuper de l\u2019itin\u00e9raire.<\/p>\n\n\n\n<p>&#8211; Nous passons maintenant \u00e0 la deuxi\u00e8me question : les langues \u00e9trang\u00e8res \u00e0 l\u2019\u00e9cole, quel avenir ?<\/p>\n\n\n\n<p>&#8211; D\u2019un c\u00f4t\u00e9 elle est contente d\u2019avoir r\u00e9ussi le bac, d\u2019un autre c\u00f4t\u00e9 elle est triste parce qu\u2019elle doit quitter ses amis.&nbsp;<\/p>\n\n\n\n<p>&#8211; C\u2019est vrai qu\u2019il a beaucoup de talent mais il est insupportable.<\/p>\n\n\n\n<p>&#8211; Vous vous souvenez de cet acteur qui a grossi de 30 kilos pour un nouveau r\u00f4le ?<\/p>\n\n\n\n<p>&#8211; Finalement, ils sont partis sans pr\u00e9venir personne.<\/p>\n\n\n\n<p>&#8211; En conclusion, on ne sait pas encore qui est le responsable.<\/p>\n\n\n\n<h5 class=\"wp-block-heading\"><strong>Illustrer<\/strong><\/h5>\n\n\n\n<p>&#8211; Par exemple, on peut parler d\u2019une invention moderne, du portable.<\/p>\n\n\n\n<p>-Manon sera l\u2019actrice principale, en effet c\u2019est la pr\u00e9f\u00e9r\u00e9e du directeur.<\/p>\n\n\n\n<p>&#8211; Il est vraiment \u00e9tourdi : hier il a oubli\u00e9 l\u2019anniversaire de sa m\u00e8re.<\/p>\n\n\n\n<h5 class=\"wp-block-heading\"><strong>R\u00e9f\u00e9rence anaphorique<\/strong><\/h5>\n\n\n\n<p>&#8211; J\u2019aime toutes les chansons de son dernier album mais je pr\u00e9f\u00e8re la deuxi\u00e8me.<\/p>\n\n\n\n<p>&#8211; Il adore les romans d\u2019Erik Orsenna, et sp\u00e9cialement le dernier qu\u2019il vient de publier.<\/p>\n\n\n\n<p>&#8211; Ce livre est aussi int\u00e9ressant que le pr\u00e9c\u00e9dent.<\/p>\n\n\n\n<p>&#8211; Passons au th\u00e8me suivant.<\/p>\n\n\n\n<h5 class=\"wp-block-heading\">Synth\u00e9tiser<\/h5>\n\n\n\n<p>&#8211; Bref, on a trois r\u00e9unions en deux jours sans compter les visites des journalistes.<\/p>\n\n\n\n<p>&#8211; En conclusion, on ne peut rien y faire.<\/p>\n\n\n\n<p>&#8211; En r\u00e9sum\u00e9, les rapports que tu as pr\u00e9sent\u00e9s ont \u00e9t\u00e9 pris en consid\u00e9ration.<\/p>\n\n\n\n<p>&#8211; Une d\u00e9cision qui, au final, n\u2019a surpris personne.<\/p>\n\n\n\n<h5 class=\"wp-block-heading\"><strong>Conclure<\/strong><\/h5>\n\n\n\n<p>&#8211; Et voil\u00e0, comment toute leur amiti\u00e9 a disparu ce jour-l\u00e0.<\/p>\n\n\n\n<p>&#8211; Finalement, il a pris la d\u00e9cision de vendre son entreprise.<\/p>\n\n\n\n<p>&#8211; Et c\u2019est ainsi qu\u2019on est tomb\u00e9s amoureux et qu\u2019on s\u2019est mari\u00e9s.<\/p>\n\n\n\n<p>&#8211; Pour terminer, je dois remercier toute ma famille qui m\u2019a beaucoup aid\u00e9 dans ces moments difficiles.<\/p>\n\n\n\n<p>&#8211; Obtenir un bon r\u00e9sultat est, finalement, son seul objectif.<\/p>\n\n\n\n<p>&#8211; Apr\u00e8s tout ce travail, enfin il a obtenu son dipl\u00f4me.<\/p>\n\n\n\n<p><\/p>\n\n\n\n<p>Voil\u00e0 les phrases de fran\u00e7ais indispensables pour l&rsquo;examen du DELF B1. Ces phrases vous aideront dans votre pr\u00e9paration \u00e0 l&rsquo;examen DELF B1 et vous permettront \u00e9galement de voyager avec aisance dans un pays francophone, de d\u00e9velopper et de d\u00e9fendre vos opinions et de communiquer vos projets. Si vous souhaitez qu&rsquo;une <a href=\"https:\/\/www.linkedin.com\/in\/elodie-vincent61250\/\" target=\"_blank\" rel=\"noreferrer noopener\">professeure de FLE qualifi\u00e9e<\/a> vous aide dans votre pr\u00e9paration \u00e0 l&rsquo;examen DELF B1, <a href=\"https:\/\/www.youronlinefrenchteacher.com\/fr\/cours-en-ligne\/\" target=\"_blank\" rel=\"noreferrer noopener\">contactez-moi<\/a>.<\/p>\n\n\n\n<p>Le prochain article du blog pr\u00e9sentera d&rsquo;autres expressions utiles (partie-2) pour la pr\u00e9paration \u00e0 l&rsquo;examen DELF B1.<\/p>\n\n\n\n<p>Vous voulez lire cet article en anglais, consultez-le ici&nbsp;: <a href=\"https:\/\/www.youronlinefrenchteacher.com\/?p=7086\" target=\"_blank\" rel=\"noreferrer noopener\">DELF B1 preparation<\/a><\/p>\n\n\n\n<p>Vous voulez <a href=\"https:\/\/www.youronlinefrenchteacher.com\/fr\/cours-en-ligne\/\" target=\"_blank\" rel=\"noreferrer noopener\">prendre des&nbsp;cours de fran\u00e7ais<\/a>, participer \u00e0 des ateliers de grammaire, pr\u00e9parer un examen ou des cours de conversation en fran\u00e7ais\u2009? Contactez-moi pour un devis ou pour conna\u00eetre le programme des classes de fran\u00e7ais individuelles ou group\u00e9es.&nbsp;<\/p>\n\n\n\n<p>Bien \u00e0 vous,<\/p>\n\n\n\n<p>\u00c9lodie &#8211; Your Online French Teacher<\/p>\n\n\n\n<p>French tuition, french course for groups, private French lessons<\/p>\n\n\n\n<p>Language stay in Limousin &#8211; Nouvelle Aquitaine<\/p>\n","protected":false},"excerpt":{"rendered":"<p>L&rsquo;article de blog pr\u00e9c\u00e9dent a abord\u00e9 le programme de l&rsquo;examen DELF B1. J&rsquo;aimerais maintenant vous pr\u00e9senter des phrases indispensables qui vous aideront dans votre pr\u00e9paration \u00e0 l&rsquo;examen du DELF B1. Elles suivent les th\u00e8mes du syllabus DELF B1 pr\u00e9sent\u00e9s dans l&rsquo;article pr\u00e9c\u00e9dent. Suivez les exemples et faites vos propres phrases ! FONCTIONS Interactions sociales Demander [&hellip;]<\/p>\n","protected":false},"author":2,"featured_media":7136,"comment_status":"open","ping_status":"open","sticky":false,"template":"","format":"standard","meta":{"qubely_global_settings":"","qubely_interactions":"","footnotes":""},"categories":[11],"tags":[],"class_list":["post-7090","post","type-post","status-publish","format-standard","has-post-thumbnail","hentry","category-delf-examen-de-francais"],"blocksy_meta":[],"qubely_featured_image_url":{"full":["https:\/\/www.youronlinefrenchteacher.com\/wp-content\/uploads\/2023\/04\/img_classroom_1.jpg",640,480,false],"landscape":["https:\/\/www.youronlinefrenchteacher.com\/wp-content\/uploads\/2023\/04\/img_classroom_1.jpg",640,480,false],"portraits":["https:\/\/www.youronlinefrenchteacher.com\/wp-content\/uploads\/2023\/04\/img_classroom_1-540x320.jpg",540,320,true],"thumbnail":["https:\/\/www.youronlinefrenchteacher.com\/wp-content\/uploads\/2023\/04\/img_classroom_1-150x150.jpg",150,150,true],"medium":["https:\/\/www.youronlinefrenchteacher.com\/wp-content\/uploads\/2023\/04\/img_classroom_1-300x225.jpg",300,225,true],"medium_large":["https:\/\/www.youronlinefrenchteacher.com\/wp-content\/uploads\/2023\/04\/img_classroom_1.jpg",640,480,false],"large":["https:\/\/www.youronlinefrenchteacher.com\/wp-content\/uploads\/2023\/04\/img_classroom_1.jpg",640,480,false],"1536x1536":["https:\/\/www.youronlinefrenchteacher.com\/wp-content\/uploads\/2023\/04\/img_classroom_1.jpg",640,480,false],"2048x2048":["https:\/\/www.youronlinefrenchteacher.com\/wp-content\/uploads\/2023\/04\/img_classroom_1.jpg",640,480,false],"qubely_landscape":["https:\/\/www.youronlinefrenchteacher.com\/wp-content\/uploads\/2023\/04\/img_classroom_1.jpg",640,480,false],"qubely_portrait":["https:\/\/www.youronlinefrenchteacher.com\/wp-content\/uploads\/2023\/04\/img_classroom_1-540x320.jpg",540,320,true],"qubely_thumbnail":["https:\/\/www.youronlinefrenchteacher.com\/wp-content\/uploads\/2023\/04\/img_classroom_1-140x100.jpg",140,100,true],"widget-thumbnail":["https:\/\/www.youronlinefrenchteacher.com\/wp-content\/uploads\/2023\/04\/img_classroom_1-75x75.jpg",75,75,true],"woocommerce_archive_thumbnail":["https:\/\/www.youronlinefrenchteacher.com\/wp-content\/uploads\/2023\/04\/img_classroom_1-300x400.jpg",300,400,true],"woocommerce_thumbnail":["https:\/\/www.youronlinefrenchteacher.com\/wp-content\/uploads\/2023\/04\/img_classroom_1-300x400.jpg",300,400,true],"woocommerce_single":["https:\/\/www.youronlinefrenchteacher.com\/wp-content\/uploads\/2023\/04\/img_classroom_1-600x450.jpg",600,450,true],"woocommerce_gallery_thumbnail":["https:\/\/www.youronlinefrenchteacher.com\/wp-content\/uploads\/2023\/04\/img_classroom_1-100x100.jpg",100,100,true]},"qubely_author":{"display_name":"Elodie","author_link":"https:\/\/www.youronlinefrenchteacher.com\/fr\/author\/elodie87\/"},"qubely_comment":0,"qubely_category":"<a href=\"https:\/\/www.youronlinefrenchteacher.com\/fr\/category\/delf-examen-de-francais\/\" rel=\"category tag\">DELF - Examen de fran\u00e7ais<\/a>","qubely_excerpt":"L&rsquo;article de blog pr\u00e9c\u00e9dent a abord\u00e9 le programme de l&rsquo;examen DELF B1. J&rsquo;aimerais maintenant vous pr\u00e9senter des phrases indispensables qui vous aideront dans votre pr\u00e9paration \u00e0 l&rsquo;examen du DELF B1. Elles suivent les th\u00e8mes du syllabus DELF B1 pr\u00e9sent\u00e9s dans l&rsquo;article pr\u00e9c\u00e9dent. Suivez les exemples et faites vos propres phrases ! FONCTIONS Interactions sociales Demander\u2026","yoast_head":"<!-- This site is optimized with the Yoast SEO plugin v27.2 - https:\/\/yoast.com\/product\/yoast-seo-wordpress\/ -->\n<title>Examen DELF B1 : les phrases fran\u00e7aises indispensables - Partie 1<\/title>\n<meta name=\"description\" content=\"Pour vous pr\u00e9parer \u00e0 l&#039;examen DELF B1, Your Online French Teacher vous pr\u00e9sente les phrases fran\u00e7ais indispensables \u00e0 ce niveau.\" \/>\n<meta name=\"robots\" content=\"index, follow, max-snippet:-1, max-image-preview:large, max-video-preview:-1\" \/>\n<link rel=\"canonical\" href=\"https:\/\/www.youronlinefrenchteacher.com\/?p=7086\" \/>\n<meta property=\"og:locale\" content=\"fr_FR\" \/>\n<meta property=\"og:type\" content=\"article\" \/>\n<meta property=\"og:title\" content=\"Examen DELF B1 : les phrases fran\u00e7aises indispensables - Partie 1\" \/>\n<meta property=\"og:description\" content=\"Pour vous pr\u00e9parer \u00e0 l&#039;examen DELF B1, Your Online French Teacher vous pr\u00e9sente les phrases fran\u00e7ais indispensables \u00e0 ce niveau.\" \/>\n<meta property=\"og:url\" content=\"https:\/\/www.youronlinefrenchteacher.com\/?p=7086\" \/>\n<meta property=\"og:site_name\" content=\"Youronlinefrenchteacher\" \/>\n<meta property=\"article:publisher\" content=\"https:\/\/www.facebook.com\/youronlinefrenchteacher\/\" \/>\n<meta property=\"article:published_time\" content=\"2023-04-20T12:00:00+00:00\" \/>\n<meta property=\"og:image\" content=\"https:\/\/www.youronlinefrenchteacher.com\/wp-content\/uploads\/2023\/04\/img_classroom_1.jpg\" \/>\n\t<meta property=\"og:image:width\" content=\"640\" \/>\n\t<meta property=\"og:image:height\" content=\"480\" \/>\n\t<meta property=\"og:image:type\" content=\"image\/jpeg\" \/>\n<meta name=\"author\" content=\"Elodie\" \/>\n<meta name=\"twitter:card\" content=\"summary_large_image\" \/>\n<meta name=\"twitter:label1\" content=\"\u00c9crit par\" \/>\n\t<meta name=\"twitter:data1\" content=\"Elodie\" \/>\n\t<meta name=\"twitter:label2\" content=\"Dur\u00e9e de lecture estim\u00e9e\" \/>\n\t<meta name=\"twitter:data2\" content=\"19 minutes\" \/>\n<script type=\"application\/ld+json\" class=\"yoast-schema-graph\">{\"@context\":\"https:\/\/schema.org\",\"@graph\":[{\"@type\":\"Article\",\"@id\":\"https:\/\/www.youronlinefrenchteacher.com\/?p=7086#article\",\"isPartOf\":{\"@id\":\"https:\/\/www.youronlinefrenchteacher.com\/?p=7086\"},\"author\":{\"name\":\"Elodie\",\"@id\":\"https:\/\/www.youronlinefrenchteacher.com\/#\/schema\/person\/6126762306d5cf0951ebe11d1529bc99\"},\"headline\":\"Examen DELF B1 : les phrases fran\u00e7aises indispensables &#8211; Partie 1\",\"datePublished\":\"2023-04-20T12:00:00+00:00\",\"mainEntityOfPage\":{\"@id\":\"https:\/\/www.youronlinefrenchteacher.com\/?p=7086\"},\"wordCount\":5096,\"commentCount\":0,\"publisher\":{\"@id\":\"https:\/\/www.youronlinefrenchteacher.com\/#organization\"},\"image\":{\"@id\":\"https:\/\/www.youronlinefrenchteacher.com\/?p=7086#primaryimage\"},\"thumbnailUrl\":\"https:\/\/www.youronlinefrenchteacher.com\/wp-content\/uploads\/2023\/04\/img_classroom_1.jpg\",\"articleSection\":[\"DELF - Examen de fran\u00e7ais\"],\"inLanguage\":\"fr-FR\",\"potentialAction\":[{\"@type\":\"CommentAction\",\"name\":\"Comment\",\"target\":[\"https:\/\/www.youronlinefrenchteacher.com\/?p=7086#respond\"]}]},{\"@type\":\"WebPage\",\"@id\":\"https:\/\/www.youronlinefrenchteacher.com\/?p=7086\",\"url\":\"https:\/\/www.youronlinefrenchteacher.com\/?p=7086\",\"name\":\"Examen DELF B1 : les phrases fran\u00e7aises indispensables - Partie 1\",\"isPartOf\":{\"@id\":\"https:\/\/www.youronlinefrenchteacher.com\/#website\"},\"primaryImageOfPage\":{\"@id\":\"https:\/\/www.youronlinefrenchteacher.com\/?p=7086#primaryimage\"},\"image\":{\"@id\":\"https:\/\/www.youronlinefrenchteacher.com\/?p=7086#primaryimage\"},\"thumbnailUrl\":\"https:\/\/www.youronlinefrenchteacher.com\/wp-content\/uploads\/2023\/04\/img_classroom_1.jpg\",\"datePublished\":\"2023-04-20T12:00:00+00:00\",\"description\":\"Pour vous pr\u00e9parer \u00e0 l'examen DELF B1, Your Online French Teacher vous pr\u00e9sente les phrases fran\u00e7ais indispensables \u00e0 ce niveau.\",\"inLanguage\":\"fr-FR\",\"potentialAction\":[{\"@type\":\"ReadAction\",\"target\":[\"https:\/\/www.youronlinefrenchteacher.com\/?p=7086\"]}]},{\"@type\":\"ImageObject\",\"inLanguage\":\"fr-FR\",\"@id\":\"https:\/\/www.youronlinefrenchteacher.com\/?p=7086#primaryimage\",\"url\":\"https:\/\/www.youronlinefrenchteacher.com\/wp-content\/uploads\/2023\/04\/img_classroom_1.jpg\",\"contentUrl\":\"https:\/\/www.youronlinefrenchteacher.com\/wp-content\/uploads\/2023\/04\/img_classroom_1.jpg\",\"width\":640,\"height\":480},{\"@type\":\"WebSite\",\"@id\":\"https:\/\/www.youronlinefrenchteacher.com\/#website\",\"url\":\"https:\/\/www.youronlinefrenchteacher.com\/\",\"name\":\"Youronlinefrenchteacher\",\"description\":\"Learn french language\",\"publisher\":{\"@id\":\"https:\/\/www.youronlinefrenchteacher.com\/#organization\"},\"potentialAction\":[{\"@type\":\"SearchAction\",\"target\":{\"@type\":\"EntryPoint\",\"urlTemplate\":\"https:\/\/www.youronlinefrenchteacher.com\/?s={search_term_string}\"},\"query-input\":{\"@type\":\"PropertyValueSpecification\",\"valueRequired\":true,\"valueName\":\"search_term_string\"}}],\"inLanguage\":\"fr-FR\"},{\"@type\":\"Organization\",\"@id\":\"https:\/\/www.youronlinefrenchteacher.com\/#organization\",\"name\":\"Youronlinefrenchteacher\",\"url\":\"https:\/\/www.youronlinefrenchteacher.com\/\",\"logo\":{\"@type\":\"ImageObject\",\"inLanguage\":\"fr-FR\",\"@id\":\"https:\/\/www.youronlinefrenchteacher.com\/#\/schema\/logo\/image\/\",\"url\":\"https:\/\/www.youronlinefrenchteacher.com\/wp-content\/uploads\/2022\/12\/logo-yoft.png\",\"contentUrl\":\"https:\/\/www.youronlinefrenchteacher.com\/wp-content\/uploads\/2022\/12\/logo-yoft.png\",\"width\":1694,\"height\":686,\"caption\":\"Youronlinefrenchteacher\"},\"image\":{\"@id\":\"https:\/\/www.youronlinefrenchteacher.com\/#\/schema\/logo\/image\/\"},\"sameAs\":[\"https:\/\/www.facebook.com\/youronlinefrenchteacher\/\",\"https:\/\/www.instagram.com\/youronlinefrenchteacher\/\",\"https:\/\/www.linkedin.com\/in\/elodie-vincent61250\/\"]},{\"@type\":\"Person\",\"@id\":\"https:\/\/www.youronlinefrenchteacher.com\/#\/schema\/person\/6126762306d5cf0951ebe11d1529bc99\",\"name\":\"Elodie\",\"image\":{\"@type\":\"ImageObject\",\"inLanguage\":\"fr-FR\",\"@id\":\"https:\/\/secure.gravatar.com\/avatar\/ebcac029843b7b7647a437a24ee21d7b5c238d0f6fdb44adc7d9d2a7e434b320?s=96&d=mm&r=g\",\"url\":\"https:\/\/secure.gravatar.com\/avatar\/ebcac029843b7b7647a437a24ee21d7b5c238d0f6fdb44adc7d9d2a7e434b320?s=96&d=mm&r=g\",\"contentUrl\":\"https:\/\/secure.gravatar.com\/avatar\/ebcac029843b7b7647a437a24ee21d7b5c238d0f6fdb44adc7d9d2a7e434b320?s=96&d=mm&r=g\",\"caption\":\"Elodie\"},\"url\":\"https:\/\/www.youronlinefrenchteacher.com\/fr\/author\/elodie87\/\"}]}<\/script>\n<!-- \/ Yoast SEO plugin. -->","yoast_head_json":{"title":"Examen DELF B1 : les phrases fran\u00e7aises indispensables - Partie 1","description":"Pour vous pr\u00e9parer \u00e0 l'examen DELF B1, Your Online French Teacher vous pr\u00e9sente les phrases fran\u00e7ais indispensables \u00e0 ce niveau.","robots":{"index":"index","follow":"follow","max-snippet":"max-snippet:-1","max-image-preview":"max-image-preview:large","max-video-preview":"max-video-preview:-1"},"canonical":"https:\/\/www.youronlinefrenchteacher.com\/?p=7086","og_locale":"fr_FR","og_type":"article","og_title":"Examen DELF B1 : les phrases fran\u00e7aises indispensables - Partie 1","og_description":"Pour vous pr\u00e9parer \u00e0 l'examen DELF B1, Your Online French Teacher vous pr\u00e9sente les phrases fran\u00e7ais indispensables \u00e0 ce niveau.","og_url":"https:\/\/www.youronlinefrenchteacher.com\/?p=7086","og_site_name":"Youronlinefrenchteacher","article_publisher":"https:\/\/www.facebook.com\/youronlinefrenchteacher\/","article_published_time":"2023-04-20T12:00:00+00:00","og_image":[{"width":640,"height":480,"url":"https:\/\/www.youronlinefrenchteacher.com\/wp-content\/uploads\/2023\/04\/img_classroom_1.jpg","type":"image\/jpeg"}],"author":"Elodie","twitter_card":"summary_large_image","twitter_misc":{"\u00c9crit par":"Elodie","Dur\u00e9e de lecture estim\u00e9e":"19 minutes"},"schema":{"@context":"https:\/\/schema.org","@graph":[{"@type":"Article","@id":"https:\/\/www.youronlinefrenchteacher.com\/?p=7086#article","isPartOf":{"@id":"https:\/\/www.youronlinefrenchteacher.com\/?p=7086"},"author":{"name":"Elodie","@id":"https:\/\/www.youronlinefrenchteacher.com\/#\/schema\/person\/6126762306d5cf0951ebe11d1529bc99"},"headline":"Examen DELF B1 : les phrases fran\u00e7aises indispensables &#8211; Partie 1","datePublished":"2023-04-20T12:00:00+00:00","mainEntityOfPage":{"@id":"https:\/\/www.youronlinefrenchteacher.com\/?p=7086"},"wordCount":5096,"commentCount":0,"publisher":{"@id":"https:\/\/www.youronlinefrenchteacher.com\/#organization"},"image":{"@id":"https:\/\/www.youronlinefrenchteacher.com\/?p=7086#primaryimage"},"thumbnailUrl":"https:\/\/www.youronlinefrenchteacher.com\/wp-content\/uploads\/2023\/04\/img_classroom_1.jpg","articleSection":["DELF - Examen de fran\u00e7ais"],"inLanguage":"fr-FR","potentialAction":[{"@type":"CommentAction","name":"Comment","target":["https:\/\/www.youronlinefrenchteacher.com\/?p=7086#respond"]}]},{"@type":"WebPage","@id":"https:\/\/www.youronlinefrenchteacher.com\/?p=7086","url":"https:\/\/www.youronlinefrenchteacher.com\/?p=7086","name":"Examen DELF B1 : les phrases fran\u00e7aises indispensables - Partie 1","isPartOf":{"@id":"https:\/\/www.youronlinefrenchteacher.com\/#website"},"primaryImageOfPage":{"@id":"https:\/\/www.youronlinefrenchteacher.com\/?p=7086#primaryimage"},"image":{"@id":"https:\/\/www.youronlinefrenchteacher.com\/?p=7086#primaryimage"},"thumbnailUrl":"https:\/\/www.youronlinefrenchteacher.com\/wp-content\/uploads\/2023\/04\/img_classroom_1.jpg","datePublished":"2023-04-20T12:00:00+00:00","description":"Pour vous pr\u00e9parer \u00e0 l'examen DELF B1, Your Online French Teacher vous pr\u00e9sente les phrases fran\u00e7ais indispensables \u00e0 ce niveau.","inLanguage":"fr-FR","potentialAction":[{"@type":"ReadAction","target":["https:\/\/www.youronlinefrenchteacher.com\/?p=7086"]}]},{"@type":"ImageObject","inLanguage":"fr-FR","@id":"https:\/\/www.youronlinefrenchteacher.com\/?p=7086#primaryimage","url":"https:\/\/www.youronlinefrenchteacher.com\/wp-content\/uploads\/2023\/04\/img_classroom_1.jpg","contentUrl":"https:\/\/www.youronlinefrenchteacher.com\/wp-content\/uploads\/2023\/04\/img_classroom_1.jpg","width":640,"height":480},{"@type":"WebSite","@id":"https:\/\/www.youronlinefrenchteacher.com\/#website","url":"https:\/\/www.youronlinefrenchteacher.com\/","name":"Youronlinefrenchteacher","description":"Learn french language","publisher":{"@id":"https:\/\/www.youronlinefrenchteacher.com\/#organization"},"potentialAction":[{"@type":"SearchAction","target":{"@type":"EntryPoint","urlTemplate":"https:\/\/www.youronlinefrenchteacher.com\/?s={search_term_string}"},"query-input":{"@type":"PropertyValueSpecification","valueRequired":true,"valueName":"search_term_string"}}],"inLanguage":"fr-FR"},{"@type":"Organization","@id":"https:\/\/www.youronlinefrenchteacher.com\/#organization","name":"Youronlinefrenchteacher","url":"https:\/\/www.youronlinefrenchteacher.com\/","logo":{"@type":"ImageObject","inLanguage":"fr-FR","@id":"https:\/\/www.youronlinefrenchteacher.com\/#\/schema\/logo\/image\/","url":"https:\/\/www.youronlinefrenchteacher.com\/wp-content\/uploads\/2022\/12\/logo-yoft.png","contentUrl":"https:\/\/www.youronlinefrenchteacher.com\/wp-content\/uploads\/2022\/12\/logo-yoft.png","width":1694,"height":686,"caption":"Youronlinefrenchteacher"},"image":{"@id":"https:\/\/www.youronlinefrenchteacher.com\/#\/schema\/logo\/image\/"},"sameAs":["https:\/\/www.facebook.com\/youronlinefrenchteacher\/","https:\/\/www.instagram.com\/youronlinefrenchteacher\/","https:\/\/www.linkedin.com\/in\/elodie-vincent61250\/"]},{"@type":"Person","@id":"https:\/\/www.youronlinefrenchteacher.com\/#\/schema\/person\/6126762306d5cf0951ebe11d1529bc99","name":"Elodie","image":{"@type":"ImageObject","inLanguage":"fr-FR","@id":"https:\/\/secure.gravatar.com\/avatar\/ebcac029843b7b7647a437a24ee21d7b5c238d0f6fdb44adc7d9d2a7e434b320?s=96&d=mm&r=g","url":"https:\/\/secure.gravatar.com\/avatar\/ebcac029843b7b7647a437a24ee21d7b5c238d0f6fdb44adc7d9d2a7e434b320?s=96&d=mm&r=g","contentUrl":"https:\/\/secure.gravatar.com\/avatar\/ebcac029843b7b7647a437a24ee21d7b5c238d0f6fdb44adc7d9d2a7e434b320?s=96&d=mm&r=g","caption":"Elodie"},"url":"https:\/\/www.youronlinefrenchteacher.com\/fr\/author\/elodie87\/"}]}},"_links":{"self":[{"href":"https:\/\/www.youronlinefrenchteacher.com\/fr\/wp-json\/wp\/v2\/posts\/7090","targetHints":{"allow":["GET"]}}],"collection":[{"href":"https:\/\/www.youronlinefrenchteacher.com\/fr\/wp-json\/wp\/v2\/posts"}],"about":[{"href":"https:\/\/www.youronlinefrenchteacher.com\/fr\/wp-json\/wp\/v2\/types\/post"}],"author":[{"embeddable":true,"href":"https:\/\/www.youronlinefrenchteacher.com\/fr\/wp-json\/wp\/v2\/users\/2"}],"replies":[{"embeddable":true,"href":"https:\/\/www.youronlinefrenchteacher.com\/fr\/wp-json\/wp\/v2\/comments?post=7090"}],"version-history":[{"count":16,"href":"https:\/\/www.youronlinefrenchteacher.com\/fr\/wp-json\/wp\/v2\/posts\/7090\/revisions"}],"predecessor-version":[{"id":7145,"href":"https:\/\/www.youronlinefrenchteacher.com\/fr\/wp-json\/wp\/v2\/posts\/7090\/revisions\/7145"}],"wp:featuredmedia":[{"embeddable":true,"href":"https:\/\/www.youronlinefrenchteacher.com\/fr\/wp-json\/wp\/v2\/media\/7136"}],"wp:attachment":[{"href":"https:\/\/www.youronlinefrenchteacher.com\/fr\/wp-json\/wp\/v2\/media?parent=7090"}],"wp:term":[{"taxonomy":"category","embeddable":true,"href":"https:\/\/www.youronlinefrenchteacher.com\/fr\/wp-json\/wp\/v2\/categories?post=7090"},{"taxonomy":"post_tag","embeddable":true,"href":"https:\/\/www.youronlinefrenchteacher.com\/fr\/wp-json\/wp\/v2\/tags?post=7090"}],"curies":[{"name":"wp","href":"https:\/\/api.w.org\/{rel}","templated":true}]}}