{"id":5735,"date":"2022-10-13T00:00:00","date_gmt":"2022-10-13T00:00:00","guid":{"rendered":"https:\/\/www.youronlinefrenchteacher.com\/les-ostensions-limousines\/"},"modified":"2023-02-16T17:17:53","modified_gmt":"2023-02-16T17:17:53","slug":"les-ostensions-limousines","status":"publish","type":"post","link":"https:\/\/www.youronlinefrenchteacher.com\/fr\/les-ostensions-limousines\/","title":{"rendered":"Les ostensions limousines : une tradition religieuse fran\u00e7aise"},"content":{"rendered":"\n<p>Les ostensions limousines, vous connaissez&nbsp;? Tous les sept ans, sont organis\u00e9es dans le Limousin de grandes c\u00e9r\u00e9monies religieuses et processions dans le but de v\u00e9n\u00e9rer et d\u2019exposer des reliques de saints catholiques. Ces c\u00e9r\u00e9monies portent un nom&nbsp;: <strong>les ostensions limousines<\/strong>.<\/p>\n\n\n\n<p>Alors que sont les ostensions limousines\u2009? Quelles sont leurs origines\u2009? D\u00e9couvrez dans cet article l\u2019importance de ces c\u00e9r\u00e9monies dans la vie culturelle et catholique de l\u2019Hexagone et plus particuli\u00e8rement du Limousin.&nbsp;<\/p>\n\n\n\n<h2 class=\"wp-block-heading\">\u00c7a veut dire quoi \u00ab&nbsp;ostensions&nbsp;\u00bb&nbsp;?&nbsp;<\/h2>\n\n\n\n<p>Effectivement, les ostensions limousines n\u2019est pas un \u00e9v\u00e9nement dont on parle tous les jours. Et d\u2019ailleurs, que veut dire le mot \u00ab&nbsp;ostensions&nbsp;\u00bb&nbsp;?<\/p>\n\n\n\n<p>Selon la d\u00e9finition, les \u00ab&nbsp;ostensions&nbsp;\u00bb sont&nbsp;: l\u2019action de pr\u00e9senter une hostie consacr\u00e9e ou des reliques \u00e0 l&rsquo;adoration des fid\u00e8les. Dans le cas des ostensions limousines, on parle de f\u00eate religieuse et de pr\u00e9sentation de reliques catholiques au public.&nbsp;<\/p>\n\n\n\n<p>Dans le monde, dans beaucoup de religions, il y a de nombreuses ostensions. Je suis s\u00fbre que vous devez en conna\u00eetre une&nbsp;chez vous !&nbsp;<\/p>\n\n\n\n<h2 class=\"wp-block-heading\">Origines des ostensions limousines&nbsp;<\/h2>\n\n\n\n<p>Le <strong>rituel des ostensions limousines<\/strong> repose sur des reliques de saints expos\u00e9es au public. Ces reliques sont habituellement conserv\u00e9es dans des \u00e9glises du Limousin. Pour l\u2019occasion, on les pr\u00e9sente lors d\u2019un d\u00e9fil\u00e9 afin d\u2019en faire profiter au plus grand nombre. Ces <a href=\"http:\/\/ostensionslimousines.fr\/\" target=\"_blank\" rel=\"noreferrer noopener\">ostensions limousines<\/a> ont lieu dans vingt communes comprenant Limoges et d\u2019autres localit\u00e9s.&nbsp;<\/p>\n\n\n\n<p>Les catholiques et non catholiques assistent au d\u00e9fil\u00e9 des reliques accompagn\u00e9es de banni\u00e8res, de drapeaux et de d\u00e9corations. La pr\u00e9paration de ces c\u00e9r\u00e9monies et processions r\u00e9unit les personnes de diff\u00e9rents milieux dans une sorte de ferveur populaire. Plus qu\u2019un \u00e9v\u00e9nement religieux catholiques, c\u2019est une tradition culturelle tr\u00e8s ancienne. Elle rappelle les festivit\u00e9s des temps pass\u00e9s et permettent une r\u00e9vision des cours d\u2019histoire du coll\u00e8ge et lyc\u00e9e.<\/p>\n\n\n\n<h4 class=\"wp-block-heading\">C\u2019est une tradition tr\u00e8s ancienne&nbsp;! <\/h4>\n\n\n\n<p>Les <strong>origines des ostensions limousines<\/strong> remontent au Moyen-\u00c2ge. Les premi\u00e8res ostensions connues dateraient du 12&nbsp;novembre&nbsp;994 et auraient d\u00e9but\u00e9 \u00e0 Limoges, c\u2019est-\u00e0-dire, il y a plus de 1000 ans&nbsp;!<\/p>\n\n\n\n<p>Selon la l\u00e9gende, c\u2019est suite \u00e0 une \u00e9pid\u00e9mie d\u2019ergotisme que la tradition a commenc\u00e9. L\u2019ergotisme est un champignon parasite du seigle, une c\u00e9r\u00e9ale tr\u00e8s consomm\u00e9e au Moyen-Age. A l\u2019automne 994, les gens consommant du seigle tombent malades.&nbsp; A cette \u00e9poque, au Xe si\u00e8cle, cette maladie est vue comme un ch\u00e2timent divin.<\/p>\n\n\n\n<p>Face \u00e0 l\u2019\u00e9tendue de l\u2019\u00e9pid\u00e9mie, l\u2019\u00e9v\u00eaque de Limoges de l\u2019\u00e9poque, organise un rassemblement autour de reliques de plusieurs saints limousins. Ces derni\u00e8res sont pr\u00e9sent\u00e9es en procession dans la ville et ses alentours. Suite \u00e0 cela et au retour des reliques dans leurs lieux consacr\u00e9s, l\u2019\u00e9pid\u00e9mie cesse de s\u00e9vir en d\u00e9cembre 994.&nbsp; C\u2019est la premi\u00e8re ostension. C\u2019est \u00e0 partir du 16<sup>e<\/sup>&nbsp;si\u00e8cle que ces ostensions ont lieu tous les sept ans.<\/p>\n\n\n\n<p>L\u2019histoire des ostensions limousines est un peu plus longue et complexe, mais c\u2019est ici un bref r\u00e9sum\u00e9 de ce que les historiens disent sur le sujet. Les derni\u00e8res ont \u00e9t\u00e9 c\u00e9l\u00e9br\u00e9es en 2016. Les prochaines se d\u00e9rouleront en 2023.&nbsp;<\/p>\n\n\n\n<figure class=\"wp-block-image aligncenter size-full is-resized\"><img loading=\"lazy\" decoding=\"async\" src=\"https:\/\/www.youronlinefrenchteacher.com\/wp-content\/uploads\/2023\/02\/limoges_2-1.jpg\" alt=\"Les ostensions limousines : l'image d'une procession religieuse \u00e0 Limoges en 2016. \" class=\"wp-image-4138\" width=\"480\" height=\"360\"\/><figcaption>Procession des Ostensions \u00e0 Limoges , 2016.<br> Source: wikip\u00e9dia.<\/figcaption><\/figure>\n\n\n\n<h2 class=\"wp-block-heading\">Une f\u00eate religieuse class\u00e9e au patrimoine immat\u00e9riel de l\u2019UNESCO<\/h2>\n\n\n\n<p>Le Limousin est fier de cette <strong>tradition chr\u00e9tienne<\/strong>. Des confr\u00e9ries et comit\u00e9s se chargent de transmettre cette tradition, son savoir-faire et ses connaissances \u00e0 travers sa pr\u00e9paration. Certaines \u00e9tapes de l\u2019\u00e9v\u00e9nement sont codifi\u00e9es, comme la mont\u00e9e des drapeaux sur les clochers des \u00e9glises, les rues fleuries et pav\u00e9es, les cort\u00e8ges qui portent les reliques et des \u0153uvres d\u2019art anciennes, etc.&nbsp;&nbsp;<\/p>\n\n\n\n<p>Organiser cet \u00e9v\u00e9nement est toujours un moment agr\u00e9able. Sa pr\u00e9paration d\u00e9bute un an \u00e0 l\u2019avance et mobilise les artisans, les associations et les eccl\u00e9siastiques locaux.&nbsp;<\/p>\n\n\n\n<p>En 2013, les <strong>ostensions limousines<\/strong> ont \u00e9t\u00e9 inscrites au <strong>patrimoine immat\u00e9riel de l\u2019UNESCO<\/strong>. Elles ont un sens identitaire profond pour le Limousin. Elles sont consid\u00e9r\u00e9es de nos jours comme des manifestations sociales et touristiques, faisant ainsi bouger la r\u00e9gion et contribuant au rayonnement de la culture fran\u00e7aise.&nbsp;<\/p>\n\n\n\n<p>Aujourd\u2019hui, cette <strong>f\u00eate religieuse et populaire<\/strong> qui a lieu tous les sept ans met en avant le Limousin et attire de nombreuses personnes, catholiques ou non, venues des quatre coins de la France. Elles viennent f\u00eater cet \u00e9v\u00e9nement d\u00e9sormais connu partout dans l\u2019Hexagone.<\/p>\n\n\n\n<p>Si vous avez l\u2019occasion de s\u00e9journer dans le Limousin, n\u2019oubliez pas d\u2019<strong>assister aux ostensions limousines\u2009<\/strong>! Un moment de f\u00eate, de partage et de culture que vous n\u2019\u00eates pas pr\u00eat d\u2019oublier\u2009!<\/p>\n\n\n\n<p>Vous voulez lire cet article en anglais, consultez-le ici : <a href=\"https:\/\/www.youronlinefrenchteacher.com\/?p=4141\" target=\"_blank\" rel=\"noreferrer noopener\">Limousin septennial ostensions<\/a><\/p>\n\n\n\n<h2 class=\"wp-block-heading\">S\u00e9jour linguistique dans le Limousin<\/h2>\n\n\n\n<p>D\u2019ailleurs, si vous souhaitez <strong>visiter le Limousin<\/strong> et d\u00e9couvrir ses traditions au d\u00e9tour d\u2019un voyage linguistique, contactez-moi\u2009! J\u2019organise des <a href=\"https:\/\/www.youronlinefrenchteacher.com\/fr\/sejour-linguistique-en-france\/\" target=\"_blank\" rel=\"noreferrer noopener\">s\u00e9jours dans le Limousin<\/a>, ma r\u00e9gion. Vous pourrez ainsi d\u00e9couvrir les us et coutumes de cette belle r\u00e9gion, sa culture, la beaut\u00e9 de ses paysages, mais aussi vivre la vie de ch\u00e2teau dans un cadre enchanteur et participer \u00e0 des ateliers de fran\u00e7ais dans la joie et la bonne humeur\u2009!&nbsp;<\/p>\n\n\n\n<p>Vous voulez prendre des&nbsp;<a href=\"https:\/\/www.youronlinefrenchteacher.com\/fr\/cours-en-ligne\/\" target=\"_blank\" rel=\"noreferrer noopener\">classes de fran\u00e7ais<\/a>, participer \u00e0 des ateliers de grammaire ou des cours de conversation en fran\u00e7ais, pr\u00e9parer un examen\u2009? Contactez-moi pour un devis ou pour le programme des classes de fran\u00e7ais individuelles ou group\u00e9es.&nbsp;<\/p>\n\n\n\n<p>Bien \u00e0 vous,<\/p>\n\n\n\n<p>\u00c9lodie \u2013 Your Online French Teacher<\/p>\n\n\n\n<p>French tuition, French course for groups, private French lessons<\/p>\n\n\n\n<p>Language stay in France \u2013 Limousin \u2013 Nouvelle-Aquitaine<\/p>\n","protected":false},"excerpt":{"rendered":"<p>Les ostensions limousines, vous connaissez&nbsp;? Tous les sept ans, sont organis\u00e9es dans le Limousin de grandes c\u00e9r\u00e9monies religieuses et processions dans le but de v\u00e9n\u00e9rer et d\u2019exposer des reliques de saints catholiques. Ces c\u00e9r\u00e9monies portent un nom&nbsp;: les ostensions limousines. Alors que sont les ostensions limousines\u2009? Quelles sont leurs origines\u2009? D\u00e9couvrez dans cet article l\u2019importance [&hellip;]<\/p>\n","protected":false},"author":2,"featured_media":5742,"comment_status":"open","ping_status":"open","sticky":false,"template":"","format":"standard","meta":{"qubely_global_settings":"","qubely_interactions":"","footnotes":""},"categories":[12,14],"tags":[],"class_list":["post-5735","post","type-post","status-publish","format-standard","has-post-thumbnail","hentry","category-culture-francaise","category-tourisme"],"blocksy_meta":[],"qubely_featured_image_url":{"full":["https:\/\/www.youronlinefrenchteacher.com\/wp-content\/uploads\/2023\/02\/Ostensions_Limoges_2016-17-1.jpg",640,480,false],"landscape":["https:\/\/www.youronlinefrenchteacher.com\/wp-content\/uploads\/2023\/02\/Ostensions_Limoges_2016-17-1.jpg",640,480,false],"portraits":["https:\/\/www.youronlinefrenchteacher.com\/wp-content\/uploads\/2023\/02\/Ostensions_Limoges_2016-17-1-540x320.jpg",540,320,true],"thumbnail":["https:\/\/www.youronlinefrenchteacher.com\/wp-content\/uploads\/2023\/02\/Ostensions_Limoges_2016-17-1-150x150.jpg",150,150,true],"medium":["https:\/\/www.youronlinefrenchteacher.com\/wp-content\/uploads\/2023\/02\/Ostensions_Limoges_2016-17-1-300x225.jpg",300,225,true],"medium_large":["https:\/\/www.youronlinefrenchteacher.com\/wp-content\/uploads\/2023\/02\/Ostensions_Limoges_2016-17-1.jpg",640,480,false],"large":["https:\/\/www.youronlinefrenchteacher.com\/wp-content\/uploads\/2023\/02\/Ostensions_Limoges_2016-17-1.jpg",640,480,false],"1536x1536":["https:\/\/www.youronlinefrenchteacher.com\/wp-content\/uploads\/2023\/02\/Ostensions_Limoges_2016-17-1.jpg",640,480,false],"2048x2048":["https:\/\/www.youronlinefrenchteacher.com\/wp-content\/uploads\/2023\/02\/Ostensions_Limoges_2016-17-1.jpg",640,480,false],"qubely_landscape":["https:\/\/www.youronlinefrenchteacher.com\/wp-content\/uploads\/2023\/02\/Ostensions_Limoges_2016-17-1.jpg",640,480,false],"qubely_portrait":["https:\/\/www.youronlinefrenchteacher.com\/wp-content\/uploads\/2023\/02\/Ostensions_Limoges_2016-17-1-540x320.jpg",540,320,true],"qubely_thumbnail":["https:\/\/www.youronlinefrenchteacher.com\/wp-content\/uploads\/2023\/02\/Ostensions_Limoges_2016-17-1-140x100.jpg",140,100,true],"widget-thumbnail":["https:\/\/www.youronlinefrenchteacher.com\/wp-content\/uploads\/2023\/02\/Ostensions_Limoges_2016-17-1-75x75.jpg",75,75,true],"woocommerce_archive_thumbnail":["https:\/\/www.youronlinefrenchteacher.com\/wp-content\/uploads\/2023\/02\/Ostensions_Limoges_2016-17-1-300x400.jpg",300,400,true],"woocommerce_thumbnail":["https:\/\/www.youronlinefrenchteacher.com\/wp-content\/uploads\/2023\/02\/Ostensions_Limoges_2016-17-1-300x400.jpg",300,400,true],"woocommerce_single":["https:\/\/www.youronlinefrenchteacher.com\/wp-content\/uploads\/2023\/02\/Ostensions_Limoges_2016-17-1-600x450.jpg",600,450,true],"woocommerce_gallery_thumbnail":["https:\/\/www.youronlinefrenchteacher.com\/wp-content\/uploads\/2023\/02\/Ostensions_Limoges_2016-17-1-100x100.jpg",100,100,true]},"qubely_author":{"display_name":"Elodie","author_link":"https:\/\/www.youronlinefrenchteacher.com\/fr\/author\/elodie87\/"},"qubely_comment":0,"qubely_category":"<a href=\"https:\/\/www.youronlinefrenchteacher.com\/fr\/category\/culture-francaise\/\" rel=\"category tag\">Culture fran\u00e7aise<\/a> <a href=\"https:\/\/www.youronlinefrenchteacher.com\/fr\/category\/tourisme\/\" rel=\"category tag\">Tourisme<\/a>","qubely_excerpt":"Les ostensions limousines, vous connaissez&nbsp;? Tous les sept ans, sont organis\u00e9es dans le Limousin de grandes c\u00e9r\u00e9monies religieuses et processions dans le but de v\u00e9n\u00e9rer et d\u2019exposer des reliques de saints catholiques. Ces c\u00e9r\u00e9monies portent un nom&nbsp;: les ostensions limousines. Alors que sont les ostensions limousines\u2009? Quelles sont leurs origines\u2009? D\u00e9couvrez dans cet article l\u2019importance\u2026","yoast_head":"<!-- This site is optimized with the Yoast SEO plugin v27.2 - https:\/\/yoast.com\/product\/yoast-seo-wordpress\/ -->\n<title>Les ostensions limousines : une tradition religieuse fran\u00e7aise - Youronlinefrenchteacher<\/title>\n<meta name=\"description\" content=\"Les ostensions Limousines sont une f\u00eate religieuse et une pr\u00e9sentation de reliques catholiques au public et \u00e0 l&#039;adoration des fid\u00e8les.\" \/>\n<meta name=\"robots\" content=\"index, follow, max-snippet:-1, max-image-preview:large, max-video-preview:-1\" \/>\n<link rel=\"canonical\" href=\"https:\/\/www.youronlinefrenchteacher.com\/limousin-septennial-ostensions\/\" \/>\n<meta property=\"og:locale\" content=\"fr_FR\" \/>\n<meta property=\"og:type\" content=\"article\" \/>\n<meta property=\"og:title\" content=\"Les ostensions limousines : une tradition religieuse fran\u00e7aise - Youronlinefrenchteacher\" \/>\n<meta property=\"og:description\" content=\"Les ostensions Limousines sont une f\u00eate religieuse et une pr\u00e9sentation de reliques catholiques au public et \u00e0 l&#039;adoration des fid\u00e8les.\" \/>\n<meta property=\"og:url\" content=\"https:\/\/www.youronlinefrenchteacher.com\/limousin-septennial-ostensions\/\" \/>\n<meta property=\"og:site_name\" content=\"Youronlinefrenchteacher\" \/>\n<meta property=\"article:publisher\" content=\"https:\/\/www.facebook.com\/youronlinefrenchteacher\/\" \/>\n<meta property=\"article:published_time\" content=\"2022-10-13T00:00:00+00:00\" \/>\n<meta property=\"article:modified_time\" content=\"2023-02-16T17:17:53+00:00\" \/>\n<meta property=\"og:image\" content=\"https:\/\/www.youronlinefrenchteacher.com\/wp-content\/uploads\/2023\/02\/Ostensions_Limoges_2016-17-1.jpg\" \/>\n\t<meta property=\"og:image:width\" content=\"640\" \/>\n\t<meta property=\"og:image:height\" content=\"480\" \/>\n\t<meta property=\"og:image:type\" content=\"image\/jpeg\" \/>\n<meta name=\"author\" content=\"Elodie\" \/>\n<meta name=\"twitter:card\" content=\"summary_large_image\" \/>\n<meta name=\"twitter:label1\" content=\"\u00c9crit par\" \/>\n\t<meta name=\"twitter:data1\" content=\"Elodie\" \/>\n\t<meta name=\"twitter:label2\" content=\"Dur\u00e9e de lecture estim\u00e9e\" \/>\n\t<meta name=\"twitter:data2\" content=\"5 minutes\" \/>\n<script type=\"application\/ld+json\" class=\"yoast-schema-graph\">{\"@context\":\"https:\/\/schema.org\",\"@graph\":[{\"@type\":\"Article\",\"@id\":\"https:\/\/www.youronlinefrenchteacher.com\/limousin-septennial-ostensions\/#article\",\"isPartOf\":{\"@id\":\"https:\/\/www.youronlinefrenchteacher.com\/limousin-septennial-ostensions\/\"},\"author\":{\"name\":\"Elodie\",\"@id\":\"https:\/\/www.youronlinefrenchteacher.com\/#\/schema\/person\/6126762306d5cf0951ebe11d1529bc99\"},\"headline\":\"Les ostensions limousines : une tradition religieuse fran\u00e7aise\",\"datePublished\":\"2022-10-13T00:00:00+00:00\",\"dateModified\":\"2023-02-16T17:17:53+00:00\",\"mainEntityOfPage\":{\"@id\":\"https:\/\/www.youronlinefrenchteacher.com\/limousin-septennial-ostensions\/\"},\"wordCount\":1025,\"commentCount\":0,\"publisher\":{\"@id\":\"https:\/\/www.youronlinefrenchteacher.com\/#organization\"},\"image\":{\"@id\":\"https:\/\/www.youronlinefrenchteacher.com\/limousin-septennial-ostensions\/#primaryimage\"},\"thumbnailUrl\":\"https:\/\/www.youronlinefrenchteacher.com\/wp-content\/uploads\/2023\/02\/Ostensions_Limoges_2016-17-1.jpg\",\"articleSection\":[\"Culture fran\u00e7aise\",\"Tourisme\"],\"inLanguage\":\"fr-FR\",\"potentialAction\":[{\"@type\":\"CommentAction\",\"name\":\"Comment\",\"target\":[\"https:\/\/www.youronlinefrenchteacher.com\/limousin-septennial-ostensions\/#respond\"]}]},{\"@type\":\"WebPage\",\"@id\":\"https:\/\/www.youronlinefrenchteacher.com\/limousin-septennial-ostensions\/\",\"url\":\"https:\/\/www.youronlinefrenchteacher.com\/limousin-septennial-ostensions\/\",\"name\":\"Les ostensions limousines : une tradition religieuse fran\u00e7aise - Youronlinefrenchteacher\",\"isPartOf\":{\"@id\":\"https:\/\/www.youronlinefrenchteacher.com\/#website\"},\"primaryImageOfPage\":{\"@id\":\"https:\/\/www.youronlinefrenchteacher.com\/limousin-septennial-ostensions\/#primaryimage\"},\"image\":{\"@id\":\"https:\/\/www.youronlinefrenchteacher.com\/limousin-septennial-ostensions\/#primaryimage\"},\"thumbnailUrl\":\"https:\/\/www.youronlinefrenchteacher.com\/wp-content\/uploads\/2023\/02\/Ostensions_Limoges_2016-17-1.jpg\",\"datePublished\":\"2022-10-13T00:00:00+00:00\",\"dateModified\":\"2023-02-16T17:17:53+00:00\",\"description\":\"Les ostensions Limousines sont une f\u00eate religieuse et une pr\u00e9sentation de reliques catholiques au public et \u00e0 l'adoration des fid\u00e8les.\",\"inLanguage\":\"fr-FR\",\"potentialAction\":[{\"@type\":\"ReadAction\",\"target\":[\"https:\/\/www.youronlinefrenchteacher.com\/limousin-septennial-ostensions\/\"]}]},{\"@type\":\"ImageObject\",\"inLanguage\":\"fr-FR\",\"@id\":\"https:\/\/www.youronlinefrenchteacher.com\/limousin-septennial-ostensions\/#primaryimage\",\"url\":\"https:\/\/www.youronlinefrenchteacher.com\/wp-content\/uploads\/2023\/02\/Ostensions_Limoges_2016-17-1.jpg\",\"contentUrl\":\"https:\/\/www.youronlinefrenchteacher.com\/wp-content\/uploads\/2023\/02\/Ostensions_Limoges_2016-17-1.jpg\",\"width\":640,\"height\":480},{\"@type\":\"WebSite\",\"@id\":\"https:\/\/www.youronlinefrenchteacher.com\/#website\",\"url\":\"https:\/\/www.youronlinefrenchteacher.com\/\",\"name\":\"Youronlinefrenchteacher\",\"description\":\"Learn french language\",\"publisher\":{\"@id\":\"https:\/\/www.youronlinefrenchteacher.com\/#organization\"},\"potentialAction\":[{\"@type\":\"SearchAction\",\"target\":{\"@type\":\"EntryPoint\",\"urlTemplate\":\"https:\/\/www.youronlinefrenchteacher.com\/?s={search_term_string}\"},\"query-input\":{\"@type\":\"PropertyValueSpecification\",\"valueRequired\":true,\"valueName\":\"search_term_string\"}}],\"inLanguage\":\"fr-FR\"},{\"@type\":\"Organization\",\"@id\":\"https:\/\/www.youronlinefrenchteacher.com\/#organization\",\"name\":\"Youronlinefrenchteacher\",\"url\":\"https:\/\/www.youronlinefrenchteacher.com\/\",\"logo\":{\"@type\":\"ImageObject\",\"inLanguage\":\"fr-FR\",\"@id\":\"https:\/\/www.youronlinefrenchteacher.com\/#\/schema\/logo\/image\/\",\"url\":\"https:\/\/www.youronlinefrenchteacher.com\/wp-content\/uploads\/2022\/12\/logo-yoft.png\",\"contentUrl\":\"https:\/\/www.youronlinefrenchteacher.com\/wp-content\/uploads\/2022\/12\/logo-yoft.png\",\"width\":1694,\"height\":686,\"caption\":\"Youronlinefrenchteacher\"},\"image\":{\"@id\":\"https:\/\/www.youronlinefrenchteacher.com\/#\/schema\/logo\/image\/\"},\"sameAs\":[\"https:\/\/www.facebook.com\/youronlinefrenchteacher\/\",\"https:\/\/www.instagram.com\/youronlinefrenchteacher\/\",\"https:\/\/www.linkedin.com\/in\/elodie-vincent61250\/\"]},{\"@type\":\"Person\",\"@id\":\"https:\/\/www.youronlinefrenchteacher.com\/#\/schema\/person\/6126762306d5cf0951ebe11d1529bc99\",\"name\":\"Elodie\",\"image\":{\"@type\":\"ImageObject\",\"inLanguage\":\"fr-FR\",\"@id\":\"https:\/\/secure.gravatar.com\/avatar\/ebcac029843b7b7647a437a24ee21d7b5c238d0f6fdb44adc7d9d2a7e434b320?s=96&d=mm&r=g\",\"url\":\"https:\/\/secure.gravatar.com\/avatar\/ebcac029843b7b7647a437a24ee21d7b5c238d0f6fdb44adc7d9d2a7e434b320?s=96&d=mm&r=g\",\"contentUrl\":\"https:\/\/secure.gravatar.com\/avatar\/ebcac029843b7b7647a437a24ee21d7b5c238d0f6fdb44adc7d9d2a7e434b320?s=96&d=mm&r=g\",\"caption\":\"Elodie\"},\"url\":\"https:\/\/www.youronlinefrenchteacher.com\/fr\/author\/elodie87\/\"}]}<\/script>\n<!-- \/ Yoast SEO plugin. -->","yoast_head_json":{"title":"Les ostensions limousines : une tradition religieuse fran\u00e7aise - Youronlinefrenchteacher","description":"Les ostensions Limousines sont une f\u00eate religieuse et une pr\u00e9sentation de reliques catholiques au public et \u00e0 l'adoration des fid\u00e8les.","robots":{"index":"index","follow":"follow","max-snippet":"max-snippet:-1","max-image-preview":"max-image-preview:large","max-video-preview":"max-video-preview:-1"},"canonical":"https:\/\/www.youronlinefrenchteacher.com\/limousin-septennial-ostensions\/","og_locale":"fr_FR","og_type":"article","og_title":"Les ostensions limousines : une tradition religieuse fran\u00e7aise - Youronlinefrenchteacher","og_description":"Les ostensions Limousines sont une f\u00eate religieuse et une pr\u00e9sentation de reliques catholiques au public et \u00e0 l'adoration des fid\u00e8les.","og_url":"https:\/\/www.youronlinefrenchteacher.com\/limousin-septennial-ostensions\/","og_site_name":"Youronlinefrenchteacher","article_publisher":"https:\/\/www.facebook.com\/youronlinefrenchteacher\/","article_published_time":"2022-10-13T00:00:00+00:00","article_modified_time":"2023-02-16T17:17:53+00:00","og_image":[{"width":640,"height":480,"url":"https:\/\/www.youronlinefrenchteacher.com\/wp-content\/uploads\/2023\/02\/Ostensions_Limoges_2016-17-1.jpg","type":"image\/jpeg"}],"author":"Elodie","twitter_card":"summary_large_image","twitter_misc":{"\u00c9crit par":"Elodie","Dur\u00e9e de lecture estim\u00e9e":"5 minutes"},"schema":{"@context":"https:\/\/schema.org","@graph":[{"@type":"Article","@id":"https:\/\/www.youronlinefrenchteacher.com\/limousin-septennial-ostensions\/#article","isPartOf":{"@id":"https:\/\/www.youronlinefrenchteacher.com\/limousin-septennial-ostensions\/"},"author":{"name":"Elodie","@id":"https:\/\/www.youronlinefrenchteacher.com\/#\/schema\/person\/6126762306d5cf0951ebe11d1529bc99"},"headline":"Les ostensions limousines : une tradition religieuse fran\u00e7aise","datePublished":"2022-10-13T00:00:00+00:00","dateModified":"2023-02-16T17:17:53+00:00","mainEntityOfPage":{"@id":"https:\/\/www.youronlinefrenchteacher.com\/limousin-septennial-ostensions\/"},"wordCount":1025,"commentCount":0,"publisher":{"@id":"https:\/\/www.youronlinefrenchteacher.com\/#organization"},"image":{"@id":"https:\/\/www.youronlinefrenchteacher.com\/limousin-septennial-ostensions\/#primaryimage"},"thumbnailUrl":"https:\/\/www.youronlinefrenchteacher.com\/wp-content\/uploads\/2023\/02\/Ostensions_Limoges_2016-17-1.jpg","articleSection":["Culture fran\u00e7aise","Tourisme"],"inLanguage":"fr-FR","potentialAction":[{"@type":"CommentAction","name":"Comment","target":["https:\/\/www.youronlinefrenchteacher.com\/limousin-septennial-ostensions\/#respond"]}]},{"@type":"WebPage","@id":"https:\/\/www.youronlinefrenchteacher.com\/limousin-septennial-ostensions\/","url":"https:\/\/www.youronlinefrenchteacher.com\/limousin-septennial-ostensions\/","name":"Les ostensions limousines : une tradition religieuse fran\u00e7aise - Youronlinefrenchteacher","isPartOf":{"@id":"https:\/\/www.youronlinefrenchteacher.com\/#website"},"primaryImageOfPage":{"@id":"https:\/\/www.youronlinefrenchteacher.com\/limousin-septennial-ostensions\/#primaryimage"},"image":{"@id":"https:\/\/www.youronlinefrenchteacher.com\/limousin-septennial-ostensions\/#primaryimage"},"thumbnailUrl":"https:\/\/www.youronlinefrenchteacher.com\/wp-content\/uploads\/2023\/02\/Ostensions_Limoges_2016-17-1.jpg","datePublished":"2022-10-13T00:00:00+00:00","dateModified":"2023-02-16T17:17:53+00:00","description":"Les ostensions Limousines sont une f\u00eate religieuse et une pr\u00e9sentation de reliques catholiques au public et \u00e0 l'adoration des fid\u00e8les.","inLanguage":"fr-FR","potentialAction":[{"@type":"ReadAction","target":["https:\/\/www.youronlinefrenchteacher.com\/limousin-septennial-ostensions\/"]}]},{"@type":"ImageObject","inLanguage":"fr-FR","@id":"https:\/\/www.youronlinefrenchteacher.com\/limousin-septennial-ostensions\/#primaryimage","url":"https:\/\/www.youronlinefrenchteacher.com\/wp-content\/uploads\/2023\/02\/Ostensions_Limoges_2016-17-1.jpg","contentUrl":"https:\/\/www.youronlinefrenchteacher.com\/wp-content\/uploads\/2023\/02\/Ostensions_Limoges_2016-17-1.jpg","width":640,"height":480},{"@type":"WebSite","@id":"https:\/\/www.youronlinefrenchteacher.com\/#website","url":"https:\/\/www.youronlinefrenchteacher.com\/","name":"Youronlinefrenchteacher","description":"Learn french language","publisher":{"@id":"https:\/\/www.youronlinefrenchteacher.com\/#organization"},"potentialAction":[{"@type":"SearchAction","target":{"@type":"EntryPoint","urlTemplate":"https:\/\/www.youronlinefrenchteacher.com\/?s={search_term_string}"},"query-input":{"@type":"PropertyValueSpecification","valueRequired":true,"valueName":"search_term_string"}}],"inLanguage":"fr-FR"},{"@type":"Organization","@id":"https:\/\/www.youronlinefrenchteacher.com\/#organization","name":"Youronlinefrenchteacher","url":"https:\/\/www.youronlinefrenchteacher.com\/","logo":{"@type":"ImageObject","inLanguage":"fr-FR","@id":"https:\/\/www.youronlinefrenchteacher.com\/#\/schema\/logo\/image\/","url":"https:\/\/www.youronlinefrenchteacher.com\/wp-content\/uploads\/2022\/12\/logo-yoft.png","contentUrl":"https:\/\/www.youronlinefrenchteacher.com\/wp-content\/uploads\/2022\/12\/logo-yoft.png","width":1694,"height":686,"caption":"Youronlinefrenchteacher"},"image":{"@id":"https:\/\/www.youronlinefrenchteacher.com\/#\/schema\/logo\/image\/"},"sameAs":["https:\/\/www.facebook.com\/youronlinefrenchteacher\/","https:\/\/www.instagram.com\/youronlinefrenchteacher\/","https:\/\/www.linkedin.com\/in\/elodie-vincent61250\/"]},{"@type":"Person","@id":"https:\/\/www.youronlinefrenchteacher.com\/#\/schema\/person\/6126762306d5cf0951ebe11d1529bc99","name":"Elodie","image":{"@type":"ImageObject","inLanguage":"fr-FR","@id":"https:\/\/secure.gravatar.com\/avatar\/ebcac029843b7b7647a437a24ee21d7b5c238d0f6fdb44adc7d9d2a7e434b320?s=96&d=mm&r=g","url":"https:\/\/secure.gravatar.com\/avatar\/ebcac029843b7b7647a437a24ee21d7b5c238d0f6fdb44adc7d9d2a7e434b320?s=96&d=mm&r=g","contentUrl":"https:\/\/secure.gravatar.com\/avatar\/ebcac029843b7b7647a437a24ee21d7b5c238d0f6fdb44adc7d9d2a7e434b320?s=96&d=mm&r=g","caption":"Elodie"},"url":"https:\/\/www.youronlinefrenchteacher.com\/fr\/author\/elodie87\/"}]}},"_links":{"self":[{"href":"https:\/\/www.youronlinefrenchteacher.com\/fr\/wp-json\/wp\/v2\/posts\/5735","targetHints":{"allow":["GET"]}}],"collection":[{"href":"https:\/\/www.youronlinefrenchteacher.com\/fr\/wp-json\/wp\/v2\/posts"}],"about":[{"href":"https:\/\/www.youronlinefrenchteacher.com\/fr\/wp-json\/wp\/v2\/types\/post"}],"author":[{"embeddable":true,"href":"https:\/\/www.youronlinefrenchteacher.com\/fr\/wp-json\/wp\/v2\/users\/2"}],"replies":[{"embeddable":true,"href":"https:\/\/www.youronlinefrenchteacher.com\/fr\/wp-json\/wp\/v2\/comments?post=5735"}],"version-history":[{"count":0,"href":"https:\/\/www.youronlinefrenchteacher.com\/fr\/wp-json\/wp\/v2\/posts\/5735\/revisions"}],"wp:featuredmedia":[{"embeddable":true,"href":"https:\/\/www.youronlinefrenchteacher.com\/fr\/wp-json\/wp\/v2\/media\/5742"}],"wp:attachment":[{"href":"https:\/\/www.youronlinefrenchteacher.com\/fr\/wp-json\/wp\/v2\/media?parent=5735"}],"wp:term":[{"taxonomy":"category","embeddable":true,"href":"https:\/\/www.youronlinefrenchteacher.com\/fr\/wp-json\/wp\/v2\/categories?post=5735"},{"taxonomy":"post_tag","embeddable":true,"href":"https:\/\/www.youronlinefrenchteacher.com\/fr\/wp-json\/wp\/v2\/tags?post=5735"}],"curies":[{"name":"wp","href":"https:\/\/api.w.org\/{rel}","templated":true}]}}