{"id":5605,"date":"2022-06-30T00:00:00","date_gmt":"2022-06-30T00:00:00","guid":{"rendered":"https:\/\/www.youronlinefrenchteacher.com\/subjonctif-les-verbes-de-tete-et-les-verbes-de-coeur\/"},"modified":"2023-02-09T10:49:17","modified_gmt":"2023-02-09T10:49:17","slug":"subjonctif-les-verbes-de-tete-et-les-verbes-de-coeur","status":"publish","type":"post","link":"https:\/\/www.youronlinefrenchteacher.com\/fr\/subjonctif-les-verbes-de-tete-et-les-verbes-de-coeur\/","title":{"rendered":"Subjonctif&nbsp;: les verbes de t\u00eate et les verbes de c\u0153ur"},"content":{"rendered":"\n<p>Le <strong>mode grammatical subjonctif<\/strong> est souvent utilis\u00e9 dans la langue fran\u00e7aise pour exprimer une pens\u00e9e, un doute, un souhait, une envie, une \u00e9motion ou une incertitude.<\/p>\n\n\n\n<p>Que ce soit pour passer l\u2019examen du DELF&nbsp;B1, DELF&nbsp;B2, DALF ou encore pour r\u00e9aliser l\u2019\u00e9preuve de l\u2019essai argument\u00e9 d&rsquo;un examen de fran\u00e7ais, <strong>le subjonctif<\/strong> est un mode indispensable pour exprimer ses pens\u00e9es.<\/p>\n\n\n\n<p>Parce que son emploi est parfois complexe, je vais vous expliquer dans cette le\u00e7on comment l\u2019utiliser avec la concordance des temps gr\u00e2ce aux <strong>verbes de t\u00eate<\/strong> et aux <strong>verbes de c\u0153ur<\/strong>.<\/p>\n\n\n\n<h2 class=\"wp-block-heading\">Le subjonctif&nbsp;en fran\u00e7ais : rappel de son utilisation<\/h2>\n\n\n\n<p>On utilise le <strong>subjonctif en fran\u00e7ais<\/strong> pour faire part d\u2019un doute, d\u2019une envie, mais aussi pour indiquer une action hypoth\u00e9tique ou envisag\u00e9e.<\/p>\n\n\n\n<p>Il existe quatre temps au <strong>subjonctif<\/strong>&nbsp;: le pr\u00e9sent, l\u2019imparfait, le pass\u00e9 compos\u00e9 et le plus-que-parfait. Seulement deux de ces temps sont utilis\u00e9s dans le langage courant \u00e0 l\u2019oral&nbsp;: le pr\u00e9sent et l\u2019imparfait. Les deux autres sont surtout employ\u00e9s \u00e0 l\u2019\u00e9crit.<\/p>\n\n\n\n<p>Le subjonctif implique l\u2019emploi de deux sujets dans une phrase et on utilise \u00ab\u2009que\u2009\u00bb ou \u00ab\u2009qu\u2019\u2009\u00bb devant le verbe pour indiquer le mode.<\/p>\n\n\n\n<p>Exemple&nbsp;: je veux qu\u2019il parte.<\/p>\n\n\n\n<h2 class=\"wp-block-heading\">Choisir entre l\u2019indicatif et le subjonctif<\/h2>\n\n\n\n<p>Il n\u2019est pas toujours \u00e9vident de savoir quand utiliser <strong>l\u2019indicatif et le subjonctif<\/strong> quand on est un apprenant en fran\u00e7ais.<\/p>\n\n\n\n<p><strong>L\u2019indicatif<\/strong> refl\u00e8te un monde objectif et entra\u00eene une ind\u00e9pendance affective du sujet. Avec l\u2019indicatif, la r\u00e9alit\u00e9 n\u2019est pas mise en doute. On peut l\u2019analyser et la commenter.<\/p>\n\n\n\n<p>Exemple&nbsp;: je pense que ce tableau est un Picasso. <s>Je pense que ce tableau soit un Picasso.<\/s><\/p>\n\n\n\n<p><strong>Le subjonctif<\/strong> quant \u00e0 lui refl\u00e8te un monde subjectif et cr\u00e9e une d\u00e9pendance affective du sujet. La r\u00e9alit\u00e9 per\u00e7ue est virtuelle, discutable. Elle est filtr\u00e9e par les sentiments, les \u00e9motions et les intentions du sujet.<\/p>\n\n\n\n<p>Exemple&nbsp;: je doute que ce tableau soit un Picasso. <s>Je doute que ce tableau est un Picasso.<\/s><\/p>\n\n\n\n<p><strong>L\u2019indicatif<\/strong> renvoie aussi souvent \u00e0 une <strong>r\u00e9alit\u00e9 certaine<\/strong>, alors que le <strong>subjonctif<\/strong> renvoie \u00e0 une <strong>r\u00e9alit\u00e9 incertaine<\/strong>. Ils expriment deux perceptions diff\u00e9rentes de la r\u00e9alit\u00e9.<\/p>\n\n\n\n<p>Exemple&nbsp;: je cherche un chien qui a les yeux verts (indicatif, car ce type de chien existe). Je cherche un chien qui ait les yeux verts (subjonctif, car je ne sais pas si ce type de chien existe).<\/p>\n\n\n\n<figure class=\"wp-block-image aligncenter size-full is-resized\"><img loading=\"lazy\" decoding=\"async\" src=\"https:\/\/www.youronlinefrenchteacher.com\/wp-content\/uploads\/2023\/02\/subjonctifverbecoeurtete-1.jpg\" alt=\"\" class=\"wp-image-3588\" width=\"542\" height=\"407\"\/><figcaption>Subjonctif : les verbes de t\u00eate et les verbes de coeur<\/figcaption><\/figure>\n\n\n\n<h2 class=\"wp-block-heading\">Subjonctif&nbsp;et indicatif&nbsp;: les verbes de c\u0153ur et les verbes de t\u00eate<\/h2>\n\n\n\n<p>Pour savoir quand utiliser le subjonctif ou l\u2019indicatif, il suffit de reconna\u00eetre les <strong>verbes de \u00ab\u2009c\u0153ur\u2009\u00bb<\/strong> et les <strong>verbes de \u00ab\u2009t\u00eate\u2009\u00bb<\/strong>.<\/p>\n\n\n\n<p>Les <a href=\"https:\/\/www.youronlinefrenchteacher.com\/fr\/les-groupes-verbaux-comment-les-reconnaitre\/\" target=\"_blank\" rel=\"noreferrer noopener\">verbes<\/a> \u00ab\u2009objectifs\u2009\u00bb sont les verbes de \u00ab\u2009t\u00eate\u2009\u00bb et sont suivis de l\u2019indicatif. Les verbes \u00ab\u2009subjectifs\u2009\u00bb sont les verbes de \u00ab\u2009c\u0153ur\u2009\u00bb et sont suivis du subjonctif.<\/p>\n\n\n\n<p><strong>Exemple de verbes de \u00ab\u2009t\u00eate\u2009\u00bb<\/strong>&nbsp;:<\/p>\n\n\n\n<ul class=\"wp-block-list\"><li>je constate que\u2009<\/li><li>j\u2019observe que\u2009<\/li><li>j\u2019affirme que\u2009<\/li><li>je crois que\u2009<\/li><\/ul>\n\n\n\n<p>Exemple&nbsp;: je constate que tu fais bien les choses.<\/p>\n\n\n\n<p><strong>Exemple de verbes de \u00ab\u2009c\u0153ur\u2009\u00bb<\/strong>&nbsp;:<\/p>\n\n\n\n<ul class=\"wp-block-list\"><li>je souhaite que\u2009<\/li><li>je veux que\u2009<\/li><li>j\u2019exige que\u2009<\/li><li>j\u2019ordonne que\u2009<\/li><\/ul>\n\n\n\n<p>Exemple&nbsp;: je souhaite que tu fasses bien les choses.<\/p>\n\n\n\n<h2 class=\"wp-block-heading\">Cas particulier pour le subjonctif et l\u2019indicatif<\/h2>\n\n\n\n<p>Attention, car il existe des exceptions. Certains verbes sont trompeurs.<\/p>\n\n\n\n<p>On emploie l\u2019indicatif apr\u00e8s&nbsp;:<\/p>\n\n\n\n<ul class=\"wp-block-list\"><li>avoir le sentiment = penser<\/li><li>juger, reconna\u00eetre, d\u00e9cider = r\u00e9fl\u00e9chir et conclure que<\/li><\/ul>\n\n\n\n<p>Le subjonctif demande deux&nbsp;sujets distincts dans une phrase alors qu\u2019on emploie l\u2019infinitif avec un seul sujet&nbsp;:<\/p>\n\n\n\n<p>Je d\u00e9sire qu\u2019il parte. &gt; Je d\u00e9sire partir. &gt; <s>Je d\u00e9sire que je parte.<\/s><\/p>\n\n\n\n<p>Je suis d\u00e9sol\u00e9 que tu partes. &gt; Je suis d\u00e9sol\u00e9 de partir. &gt; <s>Je suis d\u00e9sol\u00e9 que je parte.<\/s><\/p>\n\n\n\n<h2 class=\"wp-block-heading\">Exercices <\/h2>\n\n\n\n<p><strong><u>Transformez selon le mod\u00e8le.<\/u><\/strong><\/p>\n\n\n\n<ul class=\"wp-block-list\"><li>Ne pas savoir toute la v\u00e9rit\u00e9. &gt; Je pense qu\u2019il ne sait pas toute la v\u00e9rit\u00e9. Je voudrais qu\u2019il sache toute la v\u00e9rit\u00e9.<\/li><li>Ne pas dire le fond de sa pens\u00e9e. &gt; ____________________<\/li><li>Ne pas avoir confiance en nous. &gt; _____________________<\/li><li>Ne pas conna\u00eetre bien la situation. &gt; ___________________<\/li><\/ul>\n\n\n\n<p><strong><u>Compl\u00e9tez avec un subjonctif ou un infinitif selon le mod\u00e8le.<\/u><\/strong><\/p>\n\n\n\n<ul class=\"wp-block-list\"><li>Tu ne peux pas venir\u2009? &gt; Je suis d\u00e9sol\u00e9 que tu ne puisses pas venir.<\/li><li>Je ne peux pas venir. &gt; Je suis triste de ne pas pouvoir venir.<\/li><li>Vous \u00eates libre ce soir\u2009! &gt; Je suis ravie ____________<\/li><li>Oh la la\u2009! Je suis en retard\u2009! &gt; Je ne supporte pas ____________<\/li><li>Il fait beau aujourd\u2019hui. &gt; Je suis contente ________________<\/li><li>Je fais la queue \u00e0 la poste. &gt; J\u2019ai horreur _________________<\/li><\/ul>\n\n\n\n<p>Merci d\u2019avoir lu mon article sur le subjonctif\u2009! J\u2019esp\u00e8re que ce point de grammaire vous a \u00e9t\u00e9 utile. N\u2019h\u00e9sitez pas \u00e0 lire d\u2019autres articles du blog sur la grammaire, comme par exemple sur <a href=\"https:\/\/www.youronlinefrenchteacher.com\/fr\/les-articles-partitifs\/\" target=\"_blank\" rel=\"noreferrer noopener\">les articles partitifs<\/a><strong>. <\/strong>Vous souhaitez me poser une question\u2009sur le sujet\u2009? N\u2019h\u00e9sitez pas \u00e0 laisser un commentaire sur le blog de Your online French teacher\u2009! <\/p>\n\n\n\n<p>Voulez-vous lire cet article en anglais? consultez-le ici : <a href=\"https:\/\/www.youronlinefrenchteacher.com\/subjonctif-in-french-head-verbs-and-heart-verbs\/\" target=\"_blank\" rel=\"noreferrer noopener\">Subjonctif in French : head verbs and heart verbs<\/a>.<\/p>\n\n\n\n<p>Vous voulez prendre des <a href=\"https:\/\/www.youronlinefrenchteacher.com\/fr\/cours-en-ligne\/\" target=\"_blank\" rel=\"noreferrer noopener\">classes de fran\u00e7ais<\/a>, participer \u00e0 des ateliers de grammaire, pr\u00e9parer un examen ou des cours de conversation en fran\u00e7ais ?&nbsp;Contactez-moi pour un devis ou pour le programme des classes de fran\u00e7ais individuelles ou group\u00e9es.&nbsp;<\/p>\n\n\n\n<p>Bien \u00e0 vous,<\/p>\n\n\n\n<p>\u00c9lodie &#8211; Your Online French Teacher<\/p>\n\n\n\n<p>French tuition, french course for groups, private French lessons<\/p>\n\n\n\n<p>Language stay in France &#8211; Limousin &#8211; Nouvelle-Aquitaine<\/p>\n","protected":false},"excerpt":{"rendered":"<p>Le mode grammatical subjonctif est souvent utilis\u00e9 dans la langue fran\u00e7aise pour exprimer une pens\u00e9e, un doute, un souhait, une envie, une \u00e9motion ou une incertitude. Que ce soit pour passer l\u2019examen du DELF&nbsp;B1, DELF&nbsp;B2, DALF ou encore pour r\u00e9aliser l\u2019\u00e9preuve de l\u2019essai argument\u00e9 d&rsquo;un examen de fran\u00e7ais, le subjonctif est un mode indispensable pour [&hellip;]<\/p>\n","protected":false},"author":2,"featured_media":5608,"comment_status":"open","ping_status":"open","sticky":false,"template":"","format":"standard","meta":{"qubely_global_settings":"","qubely_interactions":"","footnotes":""},"categories":[9],"tags":[],"class_list":["post-5605","post","type-post","status-publish","format-standard","has-post-thumbnail","hentry","category-grammaire"],"blocksy_meta":[],"qubely_featured_image_url":{"full":["https:\/\/www.youronlinefrenchteacher.com\/wp-content\/uploads\/2023\/02\/subjonctivefrench-1.jpg",640,480,false],"landscape":["https:\/\/www.youronlinefrenchteacher.com\/wp-content\/uploads\/2023\/02\/subjonctivefrench-1.jpg",640,480,false],"portraits":["https:\/\/www.youronlinefrenchteacher.com\/wp-content\/uploads\/2023\/02\/subjonctivefrench-1-540x320.jpg",540,320,true],"thumbnail":["https:\/\/www.youronlinefrenchteacher.com\/wp-content\/uploads\/2023\/02\/subjonctivefrench-1-150x150.jpg",150,150,true],"medium":["https:\/\/www.youronlinefrenchteacher.com\/wp-content\/uploads\/2023\/02\/subjonctivefrench-1-300x225.jpg",300,225,true],"medium_large":["https:\/\/www.youronlinefrenchteacher.com\/wp-content\/uploads\/2023\/02\/subjonctivefrench-1.jpg",640,480,false],"large":["https:\/\/www.youronlinefrenchteacher.com\/wp-content\/uploads\/2023\/02\/subjonctivefrench-1.jpg",640,480,false],"1536x1536":["https:\/\/www.youronlinefrenchteacher.com\/wp-content\/uploads\/2023\/02\/subjonctivefrench-1.jpg",640,480,false],"2048x2048":["https:\/\/www.youronlinefrenchteacher.com\/wp-content\/uploads\/2023\/02\/subjonctivefrench-1.jpg",640,480,false],"qubely_landscape":["https:\/\/www.youronlinefrenchteacher.com\/wp-content\/uploads\/2023\/02\/subjonctivefrench-1.jpg",640,480,false],"qubely_portrait":["https:\/\/www.youronlinefrenchteacher.com\/wp-content\/uploads\/2023\/02\/subjonctivefrench-1-540x320.jpg",540,320,true],"qubely_thumbnail":["https:\/\/www.youronlinefrenchteacher.com\/wp-content\/uploads\/2023\/02\/subjonctivefrench-1-140x100.jpg",140,100,true],"widget-thumbnail":["https:\/\/www.youronlinefrenchteacher.com\/wp-content\/uploads\/2023\/02\/subjonctivefrench-1-75x75.jpg",75,75,true],"woocommerce_archive_thumbnail":["https:\/\/www.youronlinefrenchteacher.com\/wp-content\/uploads\/2023\/02\/subjonctivefrench-1-300x400.jpg",300,400,true],"woocommerce_thumbnail":["https:\/\/www.youronlinefrenchteacher.com\/wp-content\/uploads\/2023\/02\/subjonctivefrench-1-300x400.jpg",300,400,true],"woocommerce_single":["https:\/\/www.youronlinefrenchteacher.com\/wp-content\/uploads\/2023\/02\/subjonctivefrench-1-600x450.jpg",600,450,true],"woocommerce_gallery_thumbnail":["https:\/\/www.youronlinefrenchteacher.com\/wp-content\/uploads\/2023\/02\/subjonctivefrench-1-100x100.jpg",100,100,true]},"qubely_author":{"display_name":"Elodie","author_link":"https:\/\/www.youronlinefrenchteacher.com\/fr\/author\/elodie87\/"},"qubely_comment":1,"qubely_category":"<a href=\"https:\/\/www.youronlinefrenchteacher.com\/fr\/category\/grammaire\/\" rel=\"category tag\">Grammaire<\/a>","qubely_excerpt":"Le mode grammatical subjonctif est souvent utilis\u00e9 dans la langue fran\u00e7aise pour exprimer une pens\u00e9e, un doute, un souhait, une envie, une \u00e9motion ou une incertitude. Que ce soit pour passer l\u2019examen du DELF&nbsp;B1, DELF&nbsp;B2, DALF ou encore pour r\u00e9aliser l\u2019\u00e9preuve de l\u2019essai argument\u00e9 d&rsquo;un examen de fran\u00e7ais, le subjonctif est un mode indispensable pour\u2026","yoast_head":"<!-- This site is optimized with the Yoast SEO plugin v27.2 - https:\/\/yoast.com\/product\/yoast-seo-wordpress\/ -->\n<title>Subjonctif&nbsp;: les verbes de t\u00eate et les verbes de c\u0153ur - Youronlinefrenchteacher<\/title>\n<meta name=\"description\" content=\"Ce blog explique le subjonctif d&#039;une mani\u00e8re facile \u00e0 comprendre. Expliqu\u00e9 \u00e0 l&#039;aide des verbes de t\u00eate et des verbes de c\u0153ur.\" \/>\n<meta name=\"robots\" content=\"index, follow, max-snippet:-1, max-image-preview:large, max-video-preview:-1\" \/>\n<link rel=\"canonical\" href=\"https:\/\/www.youronlinefrenchteacher.com\/subjonctif-in-french-head-verbs-and-heart-verbs\/\" \/>\n<meta property=\"og:locale\" content=\"fr_FR\" \/>\n<meta property=\"og:type\" content=\"article\" \/>\n<meta property=\"og:title\" content=\"Subjonctif&nbsp;: les verbes de t\u00eate et les verbes de c\u0153ur - Youronlinefrenchteacher\" \/>\n<meta property=\"og:description\" content=\"Ce blog explique le subjonctif d&#039;une mani\u00e8re facile \u00e0 comprendre. Expliqu\u00e9 \u00e0 l&#039;aide des verbes de t\u00eate et des verbes de c\u0153ur.\" \/>\n<meta property=\"og:url\" content=\"https:\/\/www.youronlinefrenchteacher.com\/subjonctif-in-french-head-verbs-and-heart-verbs\/\" \/>\n<meta property=\"og:site_name\" content=\"Youronlinefrenchteacher\" \/>\n<meta property=\"article:publisher\" content=\"https:\/\/www.facebook.com\/youronlinefrenchteacher\/\" \/>\n<meta property=\"article:published_time\" content=\"2022-06-30T00:00:00+00:00\" \/>\n<meta property=\"article:modified_time\" content=\"2023-02-09T10:49:17+00:00\" \/>\n<meta property=\"og:image\" content=\"https:\/\/www.youronlinefrenchteacher.com\/wp-content\/uploads\/2023\/02\/subjonctivefrench-1.jpg\" \/>\n\t<meta property=\"og:image:width\" content=\"640\" \/>\n\t<meta property=\"og:image:height\" content=\"480\" \/>\n\t<meta property=\"og:image:type\" content=\"image\/jpeg\" \/>\n<meta name=\"author\" content=\"Elodie\" \/>\n<meta name=\"twitter:card\" content=\"summary_large_image\" \/>\n<meta name=\"twitter:label1\" content=\"\u00c9crit par\" \/>\n\t<meta name=\"twitter:data1\" content=\"Elodie\" \/>\n\t<meta name=\"twitter:label2\" content=\"Dur\u00e9e de lecture estim\u00e9e\" \/>\n\t<meta name=\"twitter:data2\" content=\"5 minutes\" \/>\n<script type=\"application\/ld+json\" class=\"yoast-schema-graph\">{\"@context\":\"https:\/\/schema.org\",\"@graph\":[{\"@type\":\"Article\",\"@id\":\"https:\/\/www.youronlinefrenchteacher.com\/subjonctif-in-french-head-verbs-and-heart-verbs\/#article\",\"isPartOf\":{\"@id\":\"https:\/\/www.youronlinefrenchteacher.com\/subjonctif-in-french-head-verbs-and-heart-verbs\/\"},\"author\":{\"name\":\"Elodie\",\"@id\":\"https:\/\/www.youronlinefrenchteacher.com\/#\/schema\/person\/6126762306d5cf0951ebe11d1529bc99\"},\"headline\":\"Subjonctif&nbsp;: les verbes de t\u00eate et les verbes de c\u0153ur\",\"datePublished\":\"2022-06-30T00:00:00+00:00\",\"dateModified\":\"2023-02-09T10:49:17+00:00\",\"mainEntityOfPage\":{\"@id\":\"https:\/\/www.youronlinefrenchteacher.com\/subjonctif-in-french-head-verbs-and-heart-verbs\/\"},\"wordCount\":974,\"commentCount\":1,\"publisher\":{\"@id\":\"https:\/\/www.youronlinefrenchteacher.com\/#organization\"},\"image\":{\"@id\":\"https:\/\/www.youronlinefrenchteacher.com\/subjonctif-in-french-head-verbs-and-heart-verbs\/#primaryimage\"},\"thumbnailUrl\":\"https:\/\/www.youronlinefrenchteacher.com\/wp-content\/uploads\/2023\/02\/subjonctivefrench-1.jpg\",\"articleSection\":[\"Grammaire\"],\"inLanguage\":\"fr-FR\",\"potentialAction\":[{\"@type\":\"CommentAction\",\"name\":\"Comment\",\"target\":[\"https:\/\/www.youronlinefrenchteacher.com\/subjonctif-in-french-head-verbs-and-heart-verbs\/#respond\"]}]},{\"@type\":\"WebPage\",\"@id\":\"https:\/\/www.youronlinefrenchteacher.com\/subjonctif-in-french-head-verbs-and-heart-verbs\/\",\"url\":\"https:\/\/www.youronlinefrenchteacher.com\/subjonctif-in-french-head-verbs-and-heart-verbs\/\",\"name\":\"Subjonctif&nbsp;: les verbes de t\u00eate et les verbes de c\u0153ur - Youronlinefrenchteacher\",\"isPartOf\":{\"@id\":\"https:\/\/www.youronlinefrenchteacher.com\/#website\"},\"primaryImageOfPage\":{\"@id\":\"https:\/\/www.youronlinefrenchteacher.com\/subjonctif-in-french-head-verbs-and-heart-verbs\/#primaryimage\"},\"image\":{\"@id\":\"https:\/\/www.youronlinefrenchteacher.com\/subjonctif-in-french-head-verbs-and-heart-verbs\/#primaryimage\"},\"thumbnailUrl\":\"https:\/\/www.youronlinefrenchteacher.com\/wp-content\/uploads\/2023\/02\/subjonctivefrench-1.jpg\",\"datePublished\":\"2022-06-30T00:00:00+00:00\",\"dateModified\":\"2023-02-09T10:49:17+00:00\",\"description\":\"Ce blog explique le subjonctif d'une mani\u00e8re facile \u00e0 comprendre. Expliqu\u00e9 \u00e0 l'aide des verbes de t\u00eate et des verbes de c\u0153ur.\",\"inLanguage\":\"fr-FR\",\"potentialAction\":[{\"@type\":\"ReadAction\",\"target\":[\"https:\/\/www.youronlinefrenchteacher.com\/subjonctif-in-french-head-verbs-and-heart-verbs\/\"]}]},{\"@type\":\"ImageObject\",\"inLanguage\":\"fr-FR\",\"@id\":\"https:\/\/www.youronlinefrenchteacher.com\/subjonctif-in-french-head-verbs-and-heart-verbs\/#primaryimage\",\"url\":\"https:\/\/www.youronlinefrenchteacher.com\/wp-content\/uploads\/2023\/02\/subjonctivefrench-1.jpg\",\"contentUrl\":\"https:\/\/www.youronlinefrenchteacher.com\/wp-content\/uploads\/2023\/02\/subjonctivefrench-1.jpg\",\"width\":640,\"height\":480},{\"@type\":\"WebSite\",\"@id\":\"https:\/\/www.youronlinefrenchteacher.com\/#website\",\"url\":\"https:\/\/www.youronlinefrenchteacher.com\/\",\"name\":\"Youronlinefrenchteacher\",\"description\":\"Learn french language\",\"publisher\":{\"@id\":\"https:\/\/www.youronlinefrenchteacher.com\/#organization\"},\"potentialAction\":[{\"@type\":\"SearchAction\",\"target\":{\"@type\":\"EntryPoint\",\"urlTemplate\":\"https:\/\/www.youronlinefrenchteacher.com\/?s={search_term_string}\"},\"query-input\":{\"@type\":\"PropertyValueSpecification\",\"valueRequired\":true,\"valueName\":\"search_term_string\"}}],\"inLanguage\":\"fr-FR\"},{\"@type\":\"Organization\",\"@id\":\"https:\/\/www.youronlinefrenchteacher.com\/#organization\",\"name\":\"Youronlinefrenchteacher\",\"url\":\"https:\/\/www.youronlinefrenchteacher.com\/\",\"logo\":{\"@type\":\"ImageObject\",\"inLanguage\":\"fr-FR\",\"@id\":\"https:\/\/www.youronlinefrenchteacher.com\/#\/schema\/logo\/image\/\",\"url\":\"https:\/\/www.youronlinefrenchteacher.com\/wp-content\/uploads\/2022\/12\/logo-yoft.png\",\"contentUrl\":\"https:\/\/www.youronlinefrenchteacher.com\/wp-content\/uploads\/2022\/12\/logo-yoft.png\",\"width\":1694,\"height\":686,\"caption\":\"Youronlinefrenchteacher\"},\"image\":{\"@id\":\"https:\/\/www.youronlinefrenchteacher.com\/#\/schema\/logo\/image\/\"},\"sameAs\":[\"https:\/\/www.facebook.com\/youronlinefrenchteacher\/\",\"https:\/\/www.instagram.com\/youronlinefrenchteacher\/\",\"https:\/\/www.linkedin.com\/in\/elodie-vincent61250\/\"]},{\"@type\":\"Person\",\"@id\":\"https:\/\/www.youronlinefrenchteacher.com\/#\/schema\/person\/6126762306d5cf0951ebe11d1529bc99\",\"name\":\"Elodie\",\"image\":{\"@type\":\"ImageObject\",\"inLanguage\":\"fr-FR\",\"@id\":\"https:\/\/secure.gravatar.com\/avatar\/ebcac029843b7b7647a437a24ee21d7b5c238d0f6fdb44adc7d9d2a7e434b320?s=96&d=mm&r=g\",\"url\":\"https:\/\/secure.gravatar.com\/avatar\/ebcac029843b7b7647a437a24ee21d7b5c238d0f6fdb44adc7d9d2a7e434b320?s=96&d=mm&r=g\",\"contentUrl\":\"https:\/\/secure.gravatar.com\/avatar\/ebcac029843b7b7647a437a24ee21d7b5c238d0f6fdb44adc7d9d2a7e434b320?s=96&d=mm&r=g\",\"caption\":\"Elodie\"},\"url\":\"https:\/\/www.youronlinefrenchteacher.com\/fr\/author\/elodie87\/\"}]}<\/script>\n<!-- \/ Yoast SEO plugin. -->","yoast_head_json":{"title":"Subjonctif&nbsp;: les verbes de t\u00eate et les verbes de c\u0153ur - Youronlinefrenchteacher","description":"Ce blog explique le subjonctif d'une mani\u00e8re facile \u00e0 comprendre. Expliqu\u00e9 \u00e0 l'aide des verbes de t\u00eate et des verbes de c\u0153ur.","robots":{"index":"index","follow":"follow","max-snippet":"max-snippet:-1","max-image-preview":"max-image-preview:large","max-video-preview":"max-video-preview:-1"},"canonical":"https:\/\/www.youronlinefrenchteacher.com\/subjonctif-in-french-head-verbs-and-heart-verbs\/","og_locale":"fr_FR","og_type":"article","og_title":"Subjonctif&nbsp;: les verbes de t\u00eate et les verbes de c\u0153ur - Youronlinefrenchteacher","og_description":"Ce blog explique le subjonctif d'une mani\u00e8re facile \u00e0 comprendre. Expliqu\u00e9 \u00e0 l'aide des verbes de t\u00eate et des verbes de c\u0153ur.","og_url":"https:\/\/www.youronlinefrenchteacher.com\/subjonctif-in-french-head-verbs-and-heart-verbs\/","og_site_name":"Youronlinefrenchteacher","article_publisher":"https:\/\/www.facebook.com\/youronlinefrenchteacher\/","article_published_time":"2022-06-30T00:00:00+00:00","article_modified_time":"2023-02-09T10:49:17+00:00","og_image":[{"width":640,"height":480,"url":"https:\/\/www.youronlinefrenchteacher.com\/wp-content\/uploads\/2023\/02\/subjonctivefrench-1.jpg","type":"image\/jpeg"}],"author":"Elodie","twitter_card":"summary_large_image","twitter_misc":{"\u00c9crit par":"Elodie","Dur\u00e9e de lecture estim\u00e9e":"5 minutes"},"schema":{"@context":"https:\/\/schema.org","@graph":[{"@type":"Article","@id":"https:\/\/www.youronlinefrenchteacher.com\/subjonctif-in-french-head-verbs-and-heart-verbs\/#article","isPartOf":{"@id":"https:\/\/www.youronlinefrenchteacher.com\/subjonctif-in-french-head-verbs-and-heart-verbs\/"},"author":{"name":"Elodie","@id":"https:\/\/www.youronlinefrenchteacher.com\/#\/schema\/person\/6126762306d5cf0951ebe11d1529bc99"},"headline":"Subjonctif&nbsp;: les verbes de t\u00eate et les verbes de c\u0153ur","datePublished":"2022-06-30T00:00:00+00:00","dateModified":"2023-02-09T10:49:17+00:00","mainEntityOfPage":{"@id":"https:\/\/www.youronlinefrenchteacher.com\/subjonctif-in-french-head-verbs-and-heart-verbs\/"},"wordCount":974,"commentCount":1,"publisher":{"@id":"https:\/\/www.youronlinefrenchteacher.com\/#organization"},"image":{"@id":"https:\/\/www.youronlinefrenchteacher.com\/subjonctif-in-french-head-verbs-and-heart-verbs\/#primaryimage"},"thumbnailUrl":"https:\/\/www.youronlinefrenchteacher.com\/wp-content\/uploads\/2023\/02\/subjonctivefrench-1.jpg","articleSection":["Grammaire"],"inLanguage":"fr-FR","potentialAction":[{"@type":"CommentAction","name":"Comment","target":["https:\/\/www.youronlinefrenchteacher.com\/subjonctif-in-french-head-verbs-and-heart-verbs\/#respond"]}]},{"@type":"WebPage","@id":"https:\/\/www.youronlinefrenchteacher.com\/subjonctif-in-french-head-verbs-and-heart-verbs\/","url":"https:\/\/www.youronlinefrenchteacher.com\/subjonctif-in-french-head-verbs-and-heart-verbs\/","name":"Subjonctif&nbsp;: les verbes de t\u00eate et les verbes de c\u0153ur - Youronlinefrenchteacher","isPartOf":{"@id":"https:\/\/www.youronlinefrenchteacher.com\/#website"},"primaryImageOfPage":{"@id":"https:\/\/www.youronlinefrenchteacher.com\/subjonctif-in-french-head-verbs-and-heart-verbs\/#primaryimage"},"image":{"@id":"https:\/\/www.youronlinefrenchteacher.com\/subjonctif-in-french-head-verbs-and-heart-verbs\/#primaryimage"},"thumbnailUrl":"https:\/\/www.youronlinefrenchteacher.com\/wp-content\/uploads\/2023\/02\/subjonctivefrench-1.jpg","datePublished":"2022-06-30T00:00:00+00:00","dateModified":"2023-02-09T10:49:17+00:00","description":"Ce blog explique le subjonctif d'une mani\u00e8re facile \u00e0 comprendre. Expliqu\u00e9 \u00e0 l'aide des verbes de t\u00eate et des verbes de c\u0153ur.","inLanguage":"fr-FR","potentialAction":[{"@type":"ReadAction","target":["https:\/\/www.youronlinefrenchteacher.com\/subjonctif-in-french-head-verbs-and-heart-verbs\/"]}]},{"@type":"ImageObject","inLanguage":"fr-FR","@id":"https:\/\/www.youronlinefrenchteacher.com\/subjonctif-in-french-head-verbs-and-heart-verbs\/#primaryimage","url":"https:\/\/www.youronlinefrenchteacher.com\/wp-content\/uploads\/2023\/02\/subjonctivefrench-1.jpg","contentUrl":"https:\/\/www.youronlinefrenchteacher.com\/wp-content\/uploads\/2023\/02\/subjonctivefrench-1.jpg","width":640,"height":480},{"@type":"WebSite","@id":"https:\/\/www.youronlinefrenchteacher.com\/#website","url":"https:\/\/www.youronlinefrenchteacher.com\/","name":"Youronlinefrenchteacher","description":"Learn french language","publisher":{"@id":"https:\/\/www.youronlinefrenchteacher.com\/#organization"},"potentialAction":[{"@type":"SearchAction","target":{"@type":"EntryPoint","urlTemplate":"https:\/\/www.youronlinefrenchteacher.com\/?s={search_term_string}"},"query-input":{"@type":"PropertyValueSpecification","valueRequired":true,"valueName":"search_term_string"}}],"inLanguage":"fr-FR"},{"@type":"Organization","@id":"https:\/\/www.youronlinefrenchteacher.com\/#organization","name":"Youronlinefrenchteacher","url":"https:\/\/www.youronlinefrenchteacher.com\/","logo":{"@type":"ImageObject","inLanguage":"fr-FR","@id":"https:\/\/www.youronlinefrenchteacher.com\/#\/schema\/logo\/image\/","url":"https:\/\/www.youronlinefrenchteacher.com\/wp-content\/uploads\/2022\/12\/logo-yoft.png","contentUrl":"https:\/\/www.youronlinefrenchteacher.com\/wp-content\/uploads\/2022\/12\/logo-yoft.png","width":1694,"height":686,"caption":"Youronlinefrenchteacher"},"image":{"@id":"https:\/\/www.youronlinefrenchteacher.com\/#\/schema\/logo\/image\/"},"sameAs":["https:\/\/www.facebook.com\/youronlinefrenchteacher\/","https:\/\/www.instagram.com\/youronlinefrenchteacher\/","https:\/\/www.linkedin.com\/in\/elodie-vincent61250\/"]},{"@type":"Person","@id":"https:\/\/www.youronlinefrenchteacher.com\/#\/schema\/person\/6126762306d5cf0951ebe11d1529bc99","name":"Elodie","image":{"@type":"ImageObject","inLanguage":"fr-FR","@id":"https:\/\/secure.gravatar.com\/avatar\/ebcac029843b7b7647a437a24ee21d7b5c238d0f6fdb44adc7d9d2a7e434b320?s=96&d=mm&r=g","url":"https:\/\/secure.gravatar.com\/avatar\/ebcac029843b7b7647a437a24ee21d7b5c238d0f6fdb44adc7d9d2a7e434b320?s=96&d=mm&r=g","contentUrl":"https:\/\/secure.gravatar.com\/avatar\/ebcac029843b7b7647a437a24ee21d7b5c238d0f6fdb44adc7d9d2a7e434b320?s=96&d=mm&r=g","caption":"Elodie"},"url":"https:\/\/www.youronlinefrenchteacher.com\/fr\/author\/elodie87\/"}]}},"_links":{"self":[{"href":"https:\/\/www.youronlinefrenchteacher.com\/fr\/wp-json\/wp\/v2\/posts\/5605","targetHints":{"allow":["GET"]}}],"collection":[{"href":"https:\/\/www.youronlinefrenchteacher.com\/fr\/wp-json\/wp\/v2\/posts"}],"about":[{"href":"https:\/\/www.youronlinefrenchteacher.com\/fr\/wp-json\/wp\/v2\/types\/post"}],"author":[{"embeddable":true,"href":"https:\/\/www.youronlinefrenchteacher.com\/fr\/wp-json\/wp\/v2\/users\/2"}],"replies":[{"embeddable":true,"href":"https:\/\/www.youronlinefrenchteacher.com\/fr\/wp-json\/wp\/v2\/comments?post=5605"}],"version-history":[{"count":0,"href":"https:\/\/www.youronlinefrenchteacher.com\/fr\/wp-json\/wp\/v2\/posts\/5605\/revisions"}],"wp:featuredmedia":[{"embeddable":true,"href":"https:\/\/www.youronlinefrenchteacher.com\/fr\/wp-json\/wp\/v2\/media\/5608"}],"wp:attachment":[{"href":"https:\/\/www.youronlinefrenchteacher.com\/fr\/wp-json\/wp\/v2\/media?parent=5605"}],"wp:term":[{"taxonomy":"category","embeddable":true,"href":"https:\/\/www.youronlinefrenchteacher.com\/fr\/wp-json\/wp\/v2\/categories?post=5605"},{"taxonomy":"post_tag","embeddable":true,"href":"https:\/\/www.youronlinefrenchteacher.com\/fr\/wp-json\/wp\/v2\/tags?post=5605"}],"curies":[{"name":"wp","href":"https:\/\/api.w.org\/{rel}","templated":true}]}}